{"id":5414,"date":"2026-09-01T12:18:51","date_gmt":"2026-09-01T12:18:51","guid":{"rendered":"https:\/\/eduqa.pt\/?p=5414"},"modified":"2026-09-02T10:41:39","modified_gmt":"2026-09-02T10:41:39","slug":"acao-de-formacao-trabalhar-o-referencial-de-educacao-financeira-e-os-cadernos-de-educacao-financeira-como-contributo-para-a-sua-divulgacao-e-implementacao-em-espaco-escolar","status":"publish","type":"post","link":"https:\/\/eduqa.pt\/en\/acao-de-formacao-trabalhar-o-referencial-de-educacao-financeira-e-os-cadernos-de-educacao-financeira-como-contributo-para-a-sua-divulgacao-e-implementacao-em-espaco-escolar\/","title":{"rendered":"Training Activity \u2013 Working with the Financial Education Framework and the Financial Education Workbooks as a contribution to their dissemination and implementation in schools."},"content":{"rendered":"<p class=\"wp-block-paragraph\"><\/p>\n\n\n\t\t\t\t<section id=\"block_08545e01a5bcb01f9bcd2c08f9151ac3\" class=\"content-block b-text --bg-white --padding-v-default --width-normal\">\n\t\t\t\n\t\t\t\n\t\t\t<div class=\"container\">\n\t\t\t\t\t\t\t\t\t\t\t\t\t\t\t\t\t<div class=\"c-wysiwyg\"><p>The Institute of Education, Quality and Evaluation (EduQA, IP) informs that it will hold a 25-hour training course entitled &quot;Working with the Financial Education Framework and the Financial Education Notebooks as a contribution to its dissemination and implementation in the school environment,&quot; with training registration number CCPFC\/ACC-133769\/25.<\/p>\n<p>This training is the result of a partnership between the Ministry of Education, Science and Innovation, through EduQA, and the Financial Supervisors, within the scope of the National Financial Literacy Plan, and includes a team of trainers from the Bank of Portugal, the Securities Market Commission and the Insurance and Pension Funds Supervisory Authority.<\/p>\n<p>The course aims to:<\/p>\n<p>\u2013 To contribute to the dissemination and implementation of educational materials for financial literacy;<br \/> \u2013 To provide educators and teachers with the opportunity to acquire knowledge in the areas of economics and finance, in order to enable them to address financial education in a school context;<br \/> \u2013 To encourage the student to take an active role in financial education by using teaching methodologies and pedagogical practices appropriate to addressing this topic;<br \/> \u2013 To encourage the sharing of experiences among teachers from different teaching groups who are working on Financial Education.<\/p>\n<p>O curso decorrer\u00e1 nos dias 17 e 24 de outubro, 7 e 21 de novembro e 12 de dezembro de 2026.<\/p>\n<p>For registration\/enrollment, as well as information about the course, please visit [link to <a href=\"https:\/\/eduqa.pt\/wp-content\/uploads\/2026\/09\/acao_de_formacao_ef_informacao_adicional.pdf\" target=\"_blank\" rel=\"noopener\">more information]<\/a> .<\/p>\n<\/div>\n\t\t\t\t\t\t\t\t\t\t\t<\/div>\n\n\t\t<\/section>","protected":false},"excerpt":{"rendered":"<p>The Institute of Education, Quality and Evaluation (EduQA, IP) informs that it will hold a 25-hour training course entitled &quot;Working with the Financial Education Framework and the Financial Education Notebooks as a contribution to its dissemination and implementation in the school environment,&quot; with training registration number CCPFC\/ACC-133769\/25.<\/p>","protected":false},"author":14,"featured_media":5310,"comment_status":"closed","ping_status":"open","sticky":false,"template":"","format":"standard","meta":{"_acf_changed":false,"footnotes":""},"categories":[13],"tags":[],"class_list":["post-5414","post","type-post","status-publish","format-standard","has-post-thumbnail","hentry","category-noticias"],"acf":[],"yoast_head":"<!-- This site is optimized with the Yoast SEO plugin v27.9 - https:\/\/yoast.com\/product\/yoast-seo-wordpress\/ -->\n<title>A\u00e7\u00e3o de Forma\u00e7\u00e3o - Trabalhar o Referencial de Educa\u00e7\u00e3o Financeira e os Cadernos de Educa\u00e7\u00e3o Financeira como contributo para a sua divulga\u00e7\u00e3o e implementa\u00e7\u00e3o em espa\u00e7o escolar - EduQA<\/title>\n<meta name=\"robots\" content=\"index, follow, max-snippet:-1, max-image-preview:large, max-video-preview:-1\" \/>\n<link rel=\"canonical\" href=\"https:\/\/eduqa.pt\/en\/acao-de-formacao-trabalhar-o-referencial-de-educacao-financeira-e-os-cadernos-de-educacao-financeira-como-contributo-para-a-sua-divulgacao-e-implementacao-em-espaco-escolar\/\" \/>\n<meta property=\"og:locale\" content=\"en_GB\" \/>\n<meta property=\"og:type\" content=\"article\" \/>\n<meta property=\"og:title\" content=\"A\u00e7\u00e3o de Forma\u00e7\u00e3o - Trabalhar o Referencial de Educa\u00e7\u00e3o Financeira e os Cadernos de Educa\u00e7\u00e3o Financeira como contributo para a sua divulga\u00e7\u00e3o e implementa\u00e7\u00e3o em espa\u00e7o escolar - EduQA\" \/>\n<meta property=\"og:description\" content=\"O Instituto de Educa\u00e7\u00e3o, Qualidade e Avalia\u00e7\u00e3o (EduQA, I. P.) informa que vai realizar o curso de forma\u00e7\u00e3o de 25 horas, intitulado Trabalhar o Referencial de Educa\u00e7\u00e3o Financeira e os Cadernos de Educa\u00e7\u00e3o Financeira como contributo para a sua divulga\u00e7\u00e3o e implementa\u00e7\u00e3o em espa\u00e7o escolar, com o registo de forma\u00e7\u00e3o n.\u00ba CCPFC\/ACC-133769\/25.\" \/>\n<meta property=\"og:url\" content=\"https:\/\/eduqa.pt\/en\/acao-de-formacao-trabalhar-o-referencial-de-educacao-financeira-e-os-cadernos-de-educacao-financeira-como-contributo-para-a-sua-divulgacao-e-implementacao-em-espaco-escolar\/\" \/>\n<meta property=\"og:site_name\" content=\"EduQA\" \/>\n<meta property=\"article:published_time\" content=\"2026-09-01T12:18:51+00:00\" \/>\n<meta property=\"article:modified_time\" content=\"2026-09-02T10:41:39+00:00\" \/>\n<meta property=\"og:image\" content=\"https:\/\/eduqa.pt\/wp-content\/uploads\/2026\/08\/LF.jpg\" \/>\n\t<meta property=\"og:image:width\" content=\"800\" \/>\n\t<meta property=\"og:image:height\" content=\"450\" \/>\n\t<meta property=\"og:image:type\" content=\"image\/jpeg\" \/>\n<meta name=\"author\" content=\"Guilherme Oliveira\" \/>\n<meta name=\"twitter:card\" content=\"summary_large_image\" \/>\n<meta name=\"twitter:label1\" content=\"Written by\" \/>\n\t<meta name=\"twitter:data1\" content=\"Guilherme Oliveira\" \/>\n\t<meta name=\"twitter:label2\" content=\"Est. reading time\" \/>\n\t<meta name=\"twitter:data2\" content=\"1 minute\" \/>\n<script type=\"application\/ld+json\" class=\"yoast-schema-graph\">{\"@context\":\"https:\\\/\\\/schema.org\",\"@graph\":[{\"@type\":\"Article\",\"@id\":\"https:\\\/\\\/eduqa.pt\\\/acao-de-formacao-trabalhar-o-referencial-de-educacao-financeira-e-os-cadernos-de-educacao-financeira-como-contributo-para-a-sua-divulgacao-e-implementacao-em-espaco-escolar\\\/#article\",\"isPartOf\":{\"@id\":\"https:\\\/\\\/eduqa.pt\\\/acao-de-formacao-trabalhar-o-referencial-de-educacao-financeira-e-os-cadernos-de-educacao-financeira-como-contributo-para-a-sua-divulgacao-e-implementacao-em-espaco-escolar\\\/\"},\"author\":{\"name\":\"Guilherme Oliveira\",\"@id\":\"https:\\\/\\\/eduqa.pt\\\/#\\\/schema\\\/person\\\/73bef2a205d69b0b0599374645278fca\"},\"headline\":\"A\u00e7\u00e3o de Forma\u00e7\u00e3o &#8211; Trabalhar o Referencial de Educa\u00e7\u00e3o Financeira e os Cadernos de Educa\u00e7\u00e3o Financeira como contributo para a sua divulga\u00e7\u00e3o e implementa\u00e7\u00e3o em espa\u00e7o escolar\",\"datePublished\":\"2026-09-01T12:18:51+00:00\",\"dateModified\":\"2026-09-02T10:41:39+00:00\",\"mainEntityOfPage\":{\"@id\":\"https:\\\/\\\/eduqa.pt\\\/acao-de-formacao-trabalhar-o-referencial-de-educacao-financeira-e-os-cadernos-de-educacao-financeira-como-contributo-para-a-sua-divulgacao-e-implementacao-em-espaco-escolar\\\/\"},\"wordCount\":34,\"image\":{\"@id\":\"https:\\\/\\\/eduqa.pt\\\/acao-de-formacao-trabalhar-o-referencial-de-educacao-financeira-e-os-cadernos-de-educacao-financeira-como-contributo-para-a-sua-divulgacao-e-implementacao-em-espaco-escolar\\\/#primaryimage\"},\"thumbnailUrl\":\"https:\\\/\\\/eduqa.pt\\\/wp-content\\\/uploads\\\/2026\\\/08\\\/LF.jpg\",\"articleSection\":[\"Not\u00edcias EduQA\"],\"inLanguage\":\"en-GB\"},{\"@type\":\"WebPage\",\"@id\":\"https:\\\/\\\/eduqa.pt\\\/acao-de-formacao-trabalhar-o-referencial-de-educacao-financeira-e-os-cadernos-de-educacao-financeira-como-contributo-para-a-sua-divulgacao-e-implementacao-em-espaco-escolar\\\/\",\"url\":\"https:\\\/\\\/eduqa.pt\\\/acao-de-formacao-trabalhar-o-referencial-de-educacao-financeira-e-os-cadernos-de-educacao-financeira-como-contributo-para-a-sua-divulgacao-e-implementacao-em-espaco-escolar\\\/\",\"name\":\"A\u00e7\u00e3o de Forma\u00e7\u00e3o - Trabalhar o Referencial de Educa\u00e7\u00e3o Financeira e os Cadernos de Educa\u00e7\u00e3o Financeira como contributo para a sua divulga\u00e7\u00e3o e implementa\u00e7\u00e3o em espa\u00e7o escolar - EduQA\",\"isPartOf\":{\"@id\":\"https:\\\/\\\/eduqa.pt\\\/#website\"},\"primaryImageOfPage\":{\"@id\":\"https:\\\/\\\/eduqa.pt\\\/acao-de-formacao-trabalhar-o-referencial-de-educacao-financeira-e-os-cadernos-de-educacao-financeira-como-contributo-para-a-sua-divulgacao-e-implementacao-em-espaco-escolar\\\/#primaryimage\"},\"image\":{\"@id\":\"https:\\\/\\\/eduqa.pt\\\/acao-de-formacao-trabalhar-o-referencial-de-educacao-financeira-e-os-cadernos-de-educacao-financeira-como-contributo-para-a-sua-divulgacao-e-implementacao-em-espaco-escolar\\\/#primaryimage\"},\"thumbnailUrl\":\"https:\\\/\\\/eduqa.pt\\\/wp-content\\\/uploads\\\/2026\\\/08\\\/LF.jpg\",\"datePublished\":\"2026-09-01T12:18:51+00:00\",\"dateModified\":\"2026-09-02T10:41:39+00:00\",\"author\":{\"@id\":\"https:\\\/\\\/eduqa.pt\\\/#\\\/schema\\\/person\\\/73bef2a205d69b0b0599374645278fca\"},\"breadcrumb\":{\"@id\":\"https:\\\/\\\/eduqa.pt\\\/acao-de-formacao-trabalhar-o-referencial-de-educacao-financeira-e-os-cadernos-de-educacao-financeira-como-contributo-para-a-sua-divulgacao-e-implementacao-em-espaco-escolar\\\/#breadcrumb\"},\"inLanguage\":\"en-GB\",\"potentialAction\":[{\"@type\":\"ReadAction\",\"target\":[\"https:\\\/\\\/eduqa.pt\\\/acao-de-formacao-trabalhar-o-referencial-de-educacao-financeira-e-os-cadernos-de-educacao-financeira-como-contributo-para-a-sua-divulgacao-e-implementacao-em-espaco-escolar\\\/\"]}]},{\"@type\":\"ImageObject\",\"inLanguage\":\"en-GB\",\"@id\":\"https:\\\/\\\/eduqa.pt\\\/acao-de-formacao-trabalhar-o-referencial-de-educacao-financeira-e-os-cadernos-de-educacao-financeira-como-contributo-para-a-sua-divulgacao-e-implementacao-em-espaco-escolar\\\/#primaryimage\",\"url\":\"https:\\\/\\\/eduqa.pt\\\/wp-content\\\/uploads\\\/2026\\\/08\\\/LF.jpg\",\"contentUrl\":\"https:\\\/\\\/eduqa.pt\\\/wp-content\\\/uploads\\\/2026\\\/08\\\/LF.jpg\",\"width\":800,\"height\":450,\"caption\":\"Mosaico retangular composto por doze quadrados coloridos com s\u00edmbolos matem\u00e1ticos e financeiros.\"},{\"@type\":\"BreadcrumbList\",\"@id\":\"https:\\\/\\\/eduqa.pt\\\/acao-de-formacao-trabalhar-o-referencial-de-educacao-financeira-e-os-cadernos-de-educacao-financeira-como-contributo-para-a-sua-divulgacao-e-implementacao-em-espaco-escolar\\\/#breadcrumb\",\"itemListElement\":[{\"@type\":\"ListItem\",\"position\":1,\"name\":\"Home\",\"item\":\"https:\\\/\\\/eduqa.pt\\\/\"},{\"@type\":\"ListItem\",\"position\":2,\"name\":\"A\u00e7\u00e3o de Forma\u00e7\u00e3o &#8211; Trabalhar o Referencial de Educa\u00e7\u00e3o Financeira e os Cadernos de Educa\u00e7\u00e3o Financeira como contributo para a sua divulga\u00e7\u00e3o e implementa\u00e7\u00e3o em espa\u00e7o escolar\"}]},{\"@type\":\"WebSite\",\"@id\":\"https:\\\/\\\/eduqa.pt\\\/#website\",\"url\":\"https:\\\/\\\/eduqa.pt\\\/\",\"name\":\"EduQA\",\"description\":\"Instituto de Educa\u00e7\u00e3o, Qualidade e Avalia\u00e7\u00e3o\",\"potentialAction\":[{\"@type\":\"SearchAction\",\"target\":{\"@type\":\"EntryPoint\",\"urlTemplate\":\"https:\\\/\\\/eduqa.pt\\\/?s={search_term_string}\"},\"query-input\":{\"@type\":\"PropertyValueSpecification\",\"valueRequired\":true,\"valueName\":\"search_term_string\"}}],\"inLanguage\":\"en-GB\"},{\"@type\":\"Person\",\"@id\":\"https:\\\/\\\/eduqa.pt\\\/#\\\/schema\\\/person\\\/73bef2a205d69b0b0599374645278fca\",\"name\":\"Guilherme Oliveira\",\"image\":{\"@type\":\"ImageObject\",\"inLanguage\":\"en-GB\",\"@id\":\"https:\\\/\\\/secure.gravatar.com\\\/avatar\\\/4242e67b46945e41499c7564c9ad9844b6eecbcdfea0968a209ef03067e0aed4?s=96&d=mm&r=g\",\"url\":\"https:\\\/\\\/secure.gravatar.com\\\/avatar\\\/4242e67b46945e41499c7564c9ad9844b6eecbcdfea0968a209ef03067e0aed4?s=96&d=mm&r=g\",\"contentUrl\":\"https:\\\/\\\/secure.gravatar.com\\\/avatar\\\/4242e67b46945e41499c7564c9ad9844b6eecbcdfea0968a209ef03067e0aed4?s=96&d=mm&r=g\",\"caption\":\"Guilherme Oliveira\"},\"url\":\"https:\\\/\\\/eduqa.pt\\\/en\\\/author\\\/guilherme-oliveira\\\/\"}]}<\/script>\n<!-- \/ Yoast SEO plugin. -->","yoast_head_json":{"title":"Training Activity - Working with the Financial Education Framework and Financial Education Notebooks as a contribution to their dissemination and implementation in schools - EduQA","robots":{"index":"index","follow":"follow","max-snippet":"max-snippet:-1","max-image-preview":"max-image-preview:large","max-video-preview":"max-video-preview:-1"},"canonical":"https:\/\/eduqa.pt\/en\/acao-de-formacao-trabalhar-o-referencial-de-educacao-financeira-e-os-cadernos-de-educacao-financeira-como-contributo-para-a-sua-divulgacao-e-implementacao-em-espaco-escolar\/","og_locale":"en_GB","og_type":"article","og_title":"A\u00e7\u00e3o de Forma\u00e7\u00e3o - Trabalhar o Referencial de Educa\u00e7\u00e3o Financeira e os Cadernos de Educa\u00e7\u00e3o Financeira como contributo para a sua divulga\u00e7\u00e3o e implementa\u00e7\u00e3o em espa\u00e7o escolar - EduQA","og_description":"O Instituto de Educa\u00e7\u00e3o, Qualidade e Avalia\u00e7\u00e3o (EduQA, I. P.) informa que vai realizar o curso de forma\u00e7\u00e3o de 25 horas, intitulado Trabalhar o Referencial de Educa\u00e7\u00e3o Financeira e os Cadernos de Educa\u00e7\u00e3o Financeira como contributo para a sua divulga\u00e7\u00e3o e implementa\u00e7\u00e3o em espa\u00e7o escolar, com o registo de forma\u00e7\u00e3o n.\u00ba CCPFC\/ACC-133769\/25.","og_url":"https:\/\/eduqa.pt\/en\/acao-de-formacao-trabalhar-o-referencial-de-educacao-financeira-e-os-cadernos-de-educacao-financeira-como-contributo-para-a-sua-divulgacao-e-implementacao-em-espaco-escolar\/","og_site_name":"EduQA","article_published_time":"2026-09-01T12:18:51+00:00","article_modified_time":"2026-09-02T10:41:39+00:00","og_image":[{"width":800,"height":450,"url":"https:\/\/eduqa.pt\/wp-content\/uploads\/2026\/08\/LF.jpg","type":"image\/jpeg"}],"author":"Guilherme Oliveira","twitter_card":"summary_large_image","twitter_misc":{"Written by":"Guilherme Oliveira","Est. reading time":"1 minute"},"schema":{"@context":"https:\/\/schema.org","@graph":[{"@type":"Article","@id":"https:\/\/eduqa.pt\/acao-de-formacao-trabalhar-o-referencial-de-educacao-financeira-e-os-cadernos-de-educacao-financeira-como-contributo-para-a-sua-divulgacao-e-implementacao-em-espaco-escolar\/#article","isPartOf":{"@id":"https:\/\/eduqa.pt\/acao-de-formacao-trabalhar-o-referencial-de-educacao-financeira-e-os-cadernos-de-educacao-financeira-como-contributo-para-a-sua-divulgacao-e-implementacao-em-espaco-escolar\/"},"author":{"name":"Guilherme Oliveira","@id":"https:\/\/eduqa.pt\/#\/schema\/person\/73bef2a205d69b0b0599374645278fca"},"headline":"A\u00e7\u00e3o de Forma\u00e7\u00e3o &#8211; Trabalhar o Referencial de Educa\u00e7\u00e3o Financeira e os Cadernos de Educa\u00e7\u00e3o Financeira como contributo para a sua divulga\u00e7\u00e3o e implementa\u00e7\u00e3o em espa\u00e7o escolar","datePublished":"2026-09-01T12:18:51+00:00","dateModified":"2026-09-02T10:41:39+00:00","mainEntityOfPage":{"@id":"https:\/\/eduqa.pt\/acao-de-formacao-trabalhar-o-referencial-de-educacao-financeira-e-os-cadernos-de-educacao-financeira-como-contributo-para-a-sua-divulgacao-e-implementacao-em-espaco-escolar\/"},"wordCount":34,"image":{"@id":"https:\/\/eduqa.pt\/acao-de-formacao-trabalhar-o-referencial-de-educacao-financeira-e-os-cadernos-de-educacao-financeira-como-contributo-para-a-sua-divulgacao-e-implementacao-em-espaco-escolar\/#primaryimage"},"thumbnailUrl":"https:\/\/eduqa.pt\/wp-content\/uploads\/2026\/08\/LF.jpg","articleSection":["Not\u00edcias EduQA"],"inLanguage":"en-GB"},{"@type":"WebPage","@id":"https:\/\/eduqa.pt\/acao-de-formacao-trabalhar-o-referencial-de-educacao-financeira-e-os-cadernos-de-educacao-financeira-como-contributo-para-a-sua-divulgacao-e-implementacao-em-espaco-escolar\/","url":"https:\/\/eduqa.pt\/acao-de-formacao-trabalhar-o-referencial-de-educacao-financeira-e-os-cadernos-de-educacao-financeira-como-contributo-para-a-sua-divulgacao-e-implementacao-em-espaco-escolar\/","name":"Training Activity - Working with the Financial Education Framework and Financial Education Notebooks as a contribution to their dissemination and implementation in schools - EduQA","isPartOf":{"@id":"https:\/\/eduqa.pt\/#website"},"primaryImageOfPage":{"@id":"https:\/\/eduqa.pt\/acao-de-formacao-trabalhar-o-referencial-de-educacao-financeira-e-os-cadernos-de-educacao-financeira-como-contributo-para-a-sua-divulgacao-e-implementacao-em-espaco-escolar\/#primaryimage"},"image":{"@id":"https:\/\/eduqa.pt\/acao-de-formacao-trabalhar-o-referencial-de-educacao-financeira-e-os-cadernos-de-educacao-financeira-como-contributo-para-a-sua-divulgacao-e-implementacao-em-espaco-escolar\/#primaryimage"},"thumbnailUrl":"https:\/\/eduqa.pt\/wp-content\/uploads\/2026\/08\/LF.jpg","datePublished":"2026-09-01T12:18:51+00:00","dateModified":"2026-09-02T10:41:39+00:00","author":{"@id":"https:\/\/eduqa.pt\/#\/schema\/person\/73bef2a205d69b0b0599374645278fca"},"breadcrumb":{"@id":"https:\/\/eduqa.pt\/acao-de-formacao-trabalhar-o-referencial-de-educacao-financeira-e-os-cadernos-de-educacao-financeira-como-contributo-para-a-sua-divulgacao-e-implementacao-em-espaco-escolar\/#breadcrumb"},"inLanguage":"en-GB","potentialAction":[{"@type":"ReadAction","target":["https:\/\/eduqa.pt\/acao-de-formacao-trabalhar-o-referencial-de-educacao-financeira-e-os-cadernos-de-educacao-financeira-como-contributo-para-a-sua-divulgacao-e-implementacao-em-espaco-escolar\/"]}]},{"@type":"ImageObject","inLanguage":"en-GB","@id":"https:\/\/eduqa.pt\/acao-de-formacao-trabalhar-o-referencial-de-educacao-financeira-e-os-cadernos-de-educacao-financeira-como-contributo-para-a-sua-divulgacao-e-implementacao-em-espaco-escolar\/#primaryimage","url":"https:\/\/eduqa.pt\/wp-content\/uploads\/2026\/08\/LF.jpg","contentUrl":"https:\/\/eduqa.pt\/wp-content\/uploads\/2026\/08\/LF.jpg","width":800,"height":450,"caption":"Mosaico retangular composto por doze quadrados coloridos com s\u00edmbolos matem\u00e1ticos e financeiros."},{"@type":"BreadcrumbList","@id":"https:\/\/eduqa.pt\/acao-de-formacao-trabalhar-o-referencial-de-educacao-financeira-e-os-cadernos-de-educacao-financeira-como-contributo-para-a-sua-divulgacao-e-implementacao-em-espaco-escolar\/#breadcrumb","itemListElement":[{"@type":"ListItem","position":1,"name":"Home","item":"https:\/\/eduqa.pt\/"},{"@type":"ListItem","position":2,"name":"A\u00e7\u00e3o de Forma\u00e7\u00e3o &#8211; Trabalhar o Referencial de Educa\u00e7\u00e3o Financeira e os Cadernos de Educa\u00e7\u00e3o Financeira como contributo para a sua divulga\u00e7\u00e3o e implementa\u00e7\u00e3o em espa\u00e7o escolar"}]},{"@type":"WebSite","@id":"https:\/\/eduqa.pt\/#website","url":"https:\/\/eduqa.pt\/","name":"EduQA","description":"Institute of Education, Quality and Evaluation","potentialAction":[{"@type":"SearchAction","target":{"@type":"EntryPoint","urlTemplate":"https:\/\/eduqa.pt\/?s={search_term_string}"},"query-input":{"@type":"PropertyValueSpecification","valueRequired":true,"valueName":"search_term_string"}}],"inLanguage":"en-GB"},{"@type":"Person","@id":"https:\/\/eduqa.pt\/#\/schema\/person\/73bef2a205d69b0b0599374645278fca","name":"Guilherme Oliveira","image":{"@type":"ImageObject","inLanguage":"en-GB","@id":"https:\/\/secure.gravatar.com\/avatar\/4242e67b46945e41499c7564c9ad9844b6eecbcdfea0968a209ef03067e0aed4?s=96&d=mm&r=g","url":"https:\/\/secure.gravatar.com\/avatar\/4242e67b46945e41499c7564c9ad9844b6eecbcdfea0968a209ef03067e0aed4?s=96&d=mm&r=g","contentUrl":"https:\/\/secure.gravatar.com\/avatar\/4242e67b46945e41499c7564c9ad9844b6eecbcdfea0968a209ef03067e0aed4?s=96&d=mm&r=g","caption":"Guilherme Oliveira"},"url":"https:\/\/eduqa.pt\/en\/author\/guilherme-oliveira\/"}]}},"_links":{"self":[{"href":"https:\/\/eduqa.pt\/en\/wp-json\/wp\/v2\/posts\/5414","targetHints":{"allow":["GET"]}}],"collection":[{"href":"https:\/\/eduqa.pt\/en\/wp-json\/wp\/v2\/posts"}],"about":[{"href":"https:\/\/eduqa.pt\/en\/wp-json\/wp\/v2\/types\/post"}],"author":[{"embeddable":true,"href":"https:\/\/eduqa.pt\/en\/wp-json\/wp\/v2\/users\/14"}],"replies":[{"embeddable":true,"href":"https:\/\/eduqa.pt\/en\/wp-json\/wp\/v2\/comments?post=5414"}],"version-history":[{"count":3,"href":"https:\/\/eduqa.pt\/en\/wp-json\/wp\/v2\/posts\/5414\/revisions"}],"predecessor-version":[{"id":5420,"href":"https:\/\/eduqa.pt\/en\/wp-json\/wp\/v2\/posts\/5414\/revisions\/5420"}],"wp:featuredmedia":[{"embeddable":true,"href":"https:\/\/eduqa.pt\/en\/wp-json\/wp\/v2\/media\/5310"}],"wp:attachment":[{"href":"https:\/\/eduqa.pt\/en\/wp-json\/wp\/v2\/media?parent=5414"}],"wp:term":[{"taxonomy":"category","embeddable":true,"href":"https:\/\/eduqa.pt\/en\/wp-json\/wp\/v2\/categories?post=5414"},{"taxonomy":"post_tag","embeddable":true,"href":"https:\/\/eduqa.pt\/en\/wp-json\/wp\/v2\/tags?post=5414"}],"curies":[{"name":"wp","href":"https:\/\/api.w.org\/{rel}","templated":true}]}}