{"id":4986,"date":"2026-07-17T10:04:05","date_gmt":"2026-07-17T10:04:05","guid":{"rendered":"https:\/\/eduqa.pt\/?p=4986"},"modified":"2026-07-17T10:04:17","modified_gmt":"2026-07-17T10:04:17","slug":"concurso-publico-cpi-01-eduqa-2026","status":"publish","type":"post","link":"https:\/\/eduqa.pt\/en\/concurso-publico-cpi-01-eduqa-2026\/","title":{"rendered":"Public Competition \u2013 CPI\/01\/EduQA\/2026"},"content":{"rendered":"<p class=\"wp-block-paragraph\"><\/p>\n\n\n\t\t\t\t<section id=\"block_975f2efd1089b25729d233d250213993\" class=\"content-block b-text --bg-white --width-normal\">\n\t\t\t\n\t\t\t\n\t\t\t<div class=\"container\">\n\t\t\t\t\t\t\t\t\t\t\t\t\t\t\t\t\t<div class=\"c-wysiwyg\"><p>The Institute of Education, Quality and Evaluation (EduQA, IP) informs that the documents for tender procedure no. CPI\/01\/EduQA\/2026 \u2013 Acquisition of Hygiene and Cleaning Services and permanent cleaning team for EduQA Rio (Lot 1) and Hygiene and Cleaning Services and permanent cleaning team for EduQA Colina (Lot 2) are available for consultation.<\/p>\n<ul>\n<li><a href=\"https:\/\/eduqa.pt\/wp-content\/uploads\/2026\/07\/anuncio_dre_cpi_01_eduqa_2026.pdf\" target=\"_blank\" rel=\"noopener\">DRE Advertisement<\/a><\/li>\n<li><a href=\"https:\/\/eduqa.pt\/wp-content\/uploads\/2026\/07\/anuncio_ted_cpi_01_eduqa_2026.pdf\" target=\"_blank\" rel=\"noopener\">TED announcement<\/a><\/li>\n<li><a href=\"https:\/\/eduqa.pt\/wp-content\/uploads\/2026\/07\/pc_cpi_01_eduqa_2026.pdf\" target=\"_blank\" rel=\"noopener\">Competition Program<\/a><\/li>\n<li><a href=\"https:\/\/eduqa.pt\/wp-content\/uploads\/2026\/07\/ce_cpi_01_eduqa_2026.pdf\" target=\"_blank\" rel=\"noopener\">Specifications<\/a><\/li>\n<\/ul>\n<\/div>\n\t\t\t\t\t\t\t\t\t\t\t<\/div>\n\n\t\t<\/section>","protected":false},"excerpt":{"rendered":"<p>The Institute for Education, Quality and Evaluation (EduQA, IP) informs that the documents for the competitive procedure no. CPI\/01\/EduQA\/2026 are available for consultation. <\/p>","protected":false},"author":14,"featured_media":4417,"comment_status":"closed","ping_status":"open","sticky":false,"template":"","format":"standard","meta":{"_acf_changed":false,"footnotes":""},"categories":[13],"tags":[59],"class_list":["post-4986","post","type-post","status-publish","format-standard","has-post-thumbnail","hentry","category-noticias","tag-concurso-publico"],"acf":[],"yoast_head":"<!-- This site is optimized with the Yoast SEO plugin v27.9 - https:\/\/yoast.com\/product\/yoast-seo-wordpress\/ -->\n<title>Concurso P\u00fablico - CPI\/01\/EduQA\/2026 - EduQA<\/title>\n<meta name=\"robots\" content=\"index, follow, max-snippet:-1, max-image-preview:large, max-video-preview:-1\" \/>\n<link rel=\"canonical\" href=\"https:\/\/eduqa.pt\/en\/concurso-publico-cpi-01-eduqa-2026\/\" \/>\n<meta property=\"og:locale\" content=\"en_GB\" \/>\n<meta property=\"og:type\" content=\"article\" \/>\n<meta property=\"og:title\" content=\"Concurso P\u00fablico - CPI\/01\/EduQA\/2026 - EduQA\" \/>\n<meta property=\"og:description\" content=\"O Instituto de Educa\u00e7\u00e3o, Qualidade e Avalia\u00e7\u00e3o (EduQA, I. P.) informa que se encontram dispon\u00edveis para consulta as pe\u00e7as do procedimento concursal n.\u00ba CPI\/01\/EduQA\/2026.\" \/>\n<meta property=\"og:url\" content=\"https:\/\/eduqa.pt\/en\/concurso-publico-cpi-01-eduqa-2026\/\" \/>\n<meta property=\"og:site_name\" content=\"EduQA\" \/>\n<meta property=\"article:published_time\" content=\"2026-07-17T10:04:05+00:00\" \/>\n<meta property=\"article:modified_time\" content=\"2026-07-17T10:04:17+00:00\" \/>\n<meta property=\"og:image\" content=\"https:\/\/eduqa.pt\/wp-content\/uploads\/2026\/06\/Logo-EduQA.jpg\" \/>\n\t<meta property=\"og:image:width\" content=\"701\" \/>\n\t<meta property=\"og:image:height\" content=\"430\" \/>\n\t<meta property=\"og:image:type\" content=\"image\/jpeg\" \/>\n<meta name=\"author\" content=\"Guilherme Oliveira\" \/>\n<meta name=\"twitter:card\" content=\"summary_large_image\" \/>\n<meta name=\"twitter:label1\" content=\"Written by\" \/>\n\t<meta name=\"twitter:data1\" content=\"Guilherme Oliveira\" \/>\n\t<meta name=\"twitter:label2\" content=\"Est. reading time\" \/>\n\t<meta name=\"twitter:data2\" content=\"1 minute\" \/>\n<script type=\"application\/ld+json\" class=\"yoast-schema-graph\">{\"@context\":\"https:\\\/\\\/schema.org\",\"@graph\":[{\"@type\":\"Article\",\"@id\":\"https:\\\/\\\/eduqa.pt\\\/concurso-publico-cpi-01-eduqa-2026\\\/#article\",\"isPartOf\":{\"@id\":\"https:\\\/\\\/eduqa.pt\\\/concurso-publico-cpi-01-eduqa-2026\\\/\"},\"author\":{\"name\":\"Guilherme Oliveira\",\"@id\":\"https:\\\/\\\/eduqa.pt\\\/#\\\/schema\\\/person\\\/73bef2a205d69b0b0599374645278fca\"},\"headline\":\"Concurso P\u00fablico &#8211; CPI\\\/01\\\/EduQA\\\/2026\",\"datePublished\":\"2026-07-17T10:04:05+00:00\",\"dateModified\":\"2026-07-17T10:04:17+00:00\",\"mainEntityOfPage\":{\"@id\":\"https:\\\/\\\/eduqa.pt\\\/concurso-publico-cpi-01-eduqa-2026\\\/\"},\"wordCount\":6,\"image\":{\"@id\":\"https:\\\/\\\/eduqa.pt\\\/concurso-publico-cpi-01-eduqa-2026\\\/#primaryimage\"},\"thumbnailUrl\":\"https:\\\/\\\/eduqa.pt\\\/wp-content\\\/uploads\\\/2026\\\/06\\\/Logo-EduQA.jpg\",\"keywords\":[\"Concurso P\u00fablico\"],\"articleSection\":[\"Not\u00edcias EduQA\"],\"inLanguage\":\"en-GB\"},{\"@type\":\"WebPage\",\"@id\":\"https:\\\/\\\/eduqa.pt\\\/concurso-publico-cpi-01-eduqa-2026\\\/\",\"url\":\"https:\\\/\\\/eduqa.pt\\\/concurso-publico-cpi-01-eduqa-2026\\\/\",\"name\":\"Concurso P\u00fablico - CPI\\\/01\\\/EduQA\\\/2026 - EduQA\",\"isPartOf\":{\"@id\":\"https:\\\/\\\/eduqa.pt\\\/#website\"},\"primaryImageOfPage\":{\"@id\":\"https:\\\/\\\/eduqa.pt\\\/concurso-publico-cpi-01-eduqa-2026\\\/#primaryimage\"},\"image\":{\"@id\":\"https:\\\/\\\/eduqa.pt\\\/concurso-publico-cpi-01-eduqa-2026\\\/#primaryimage\"},\"thumbnailUrl\":\"https:\\\/\\\/eduqa.pt\\\/wp-content\\\/uploads\\\/2026\\\/06\\\/Logo-EduQA.jpg\",\"datePublished\":\"2026-07-17T10:04:05+00:00\",\"dateModified\":\"2026-07-17T10:04:17+00:00\",\"author\":{\"@id\":\"https:\\\/\\\/eduqa.pt\\\/#\\\/schema\\\/person\\\/73bef2a205d69b0b0599374645278fca\"},\"breadcrumb\":{\"@id\":\"https:\\\/\\\/eduqa.pt\\\/concurso-publico-cpi-01-eduqa-2026\\\/#breadcrumb\"},\"inLanguage\":\"en-GB\",\"potentialAction\":[{\"@type\":\"ReadAction\",\"target\":[\"https:\\\/\\\/eduqa.pt\\\/concurso-publico-cpi-01-eduqa-2026\\\/\"]}]},{\"@type\":\"ImageObject\",\"inLanguage\":\"en-GB\",\"@id\":\"https:\\\/\\\/eduqa.pt\\\/concurso-publico-cpi-01-eduqa-2026\\\/#primaryimage\",\"url\":\"https:\\\/\\\/eduqa.pt\\\/wp-content\\\/uploads\\\/2026\\\/06\\\/Logo-EduQA.jpg\",\"contentUrl\":\"https:\\\/\\\/eduqa.pt\\\/wp-content\\\/uploads\\\/2026\\\/06\\\/Logo-EduQA.jpg\",\"width\":701,\"height\":430,\"caption\":\"Log\u00f3tipo do Instituto de Educa\u00e7\u00e3o, Qualidade e Avalia\u00e7\u00e3o, constitu\u00eddo por um s\u00edmbolo geom\u00e9trico tridimensional \u00e0 esquerda e o nome EduQA \u00e0 direita.\"},{\"@type\":\"BreadcrumbList\",\"@id\":\"https:\\\/\\\/eduqa.pt\\\/concurso-publico-cpi-01-eduqa-2026\\\/#breadcrumb\",\"itemListElement\":[{\"@type\":\"ListItem\",\"position\":1,\"name\":\"Home\",\"item\":\"https:\\\/\\\/eduqa.pt\\\/\"},{\"@type\":\"ListItem\",\"position\":2,\"name\":\"Concurso P\u00fablico &#8211; CPI\\\/01\\\/EduQA\\\/2026\"}]},{\"@type\":\"WebSite\",\"@id\":\"https:\\\/\\\/eduqa.pt\\\/#website\",\"url\":\"https:\\\/\\\/eduqa.pt\\\/\",\"name\":\"EduQA\",\"description\":\"Instituto de Educa\u00e7\u00e3o, Qualidade e Avalia\u00e7\u00e3o\",\"potentialAction\":[{\"@type\":\"SearchAction\",\"target\":{\"@type\":\"EntryPoint\",\"urlTemplate\":\"https:\\\/\\\/eduqa.pt\\\/?s={search_term_string}\"},\"query-input\":{\"@type\":\"PropertyValueSpecification\",\"valueRequired\":true,\"valueName\":\"search_term_string\"}}],\"inLanguage\":\"en-GB\"},{\"@type\":\"Person\",\"@id\":\"https:\\\/\\\/eduqa.pt\\\/#\\\/schema\\\/person\\\/73bef2a205d69b0b0599374645278fca\",\"name\":\"Guilherme Oliveira\",\"image\":{\"@type\":\"ImageObject\",\"inLanguage\":\"en-GB\",\"@id\":\"https:\\\/\\\/secure.gravatar.com\\\/avatar\\\/4242e67b46945e41499c7564c9ad9844b6eecbcdfea0968a209ef03067e0aed4?s=96&d=mm&r=g\",\"url\":\"https:\\\/\\\/secure.gravatar.com\\\/avatar\\\/4242e67b46945e41499c7564c9ad9844b6eecbcdfea0968a209ef03067e0aed4?s=96&d=mm&r=g\",\"contentUrl\":\"https:\\\/\\\/secure.gravatar.com\\\/avatar\\\/4242e67b46945e41499c7564c9ad9844b6eecbcdfea0968a209ef03067e0aed4?s=96&d=mm&r=g\",\"caption\":\"Guilherme Oliveira\"},\"url\":\"https:\\\/\\\/eduqa.pt\\\/en\\\/author\\\/guilherme-oliveira\\\/\"}]}<\/script>\n<!-- \/ Yoast SEO plugin. -->","yoast_head_json":{"title":"Public Competition - CPI\/01\/EduQA\/2026 - EduQA","robots":{"index":"index","follow":"follow","max-snippet":"max-snippet:-1","max-image-preview":"max-image-preview:large","max-video-preview":"max-video-preview:-1"},"canonical":"https:\/\/eduqa.pt\/en\/concurso-publico-cpi-01-eduqa-2026\/","og_locale":"en_GB","og_type":"article","og_title":"Concurso P\u00fablico - CPI\/01\/EduQA\/2026 - EduQA","og_description":"O Instituto de Educa\u00e7\u00e3o, Qualidade e Avalia\u00e7\u00e3o (EduQA, I. P.) informa que se encontram dispon\u00edveis para consulta as pe\u00e7as do procedimento concursal n.\u00ba CPI\/01\/EduQA\/2026.","og_url":"https:\/\/eduqa.pt\/en\/concurso-publico-cpi-01-eduqa-2026\/","og_site_name":"EduQA","article_published_time":"2026-07-17T10:04:05+00:00","article_modified_time":"2026-07-17T10:04:17+00:00","og_image":[{"width":701,"height":430,"url":"https:\/\/eduqa.pt\/wp-content\/uploads\/2026\/06\/Logo-EduQA.jpg","type":"image\/jpeg"}],"author":"Guilherme Oliveira","twitter_card":"summary_large_image","twitter_misc":{"Written by":"Guilherme Oliveira","Est. reading time":"1 minute"},"schema":{"@context":"https:\/\/schema.org","@graph":[{"@type":"Article","@id":"https:\/\/eduqa.pt\/concurso-publico-cpi-01-eduqa-2026\/#article","isPartOf":{"@id":"https:\/\/eduqa.pt\/concurso-publico-cpi-01-eduqa-2026\/"},"author":{"name":"Guilherme Oliveira","@id":"https:\/\/eduqa.pt\/#\/schema\/person\/73bef2a205d69b0b0599374645278fca"},"headline":"Concurso P\u00fablico &#8211; CPI\/01\/EduQA\/2026","datePublished":"2026-07-17T10:04:05+00:00","dateModified":"2026-07-17T10:04:17+00:00","mainEntityOfPage":{"@id":"https:\/\/eduqa.pt\/concurso-publico-cpi-01-eduqa-2026\/"},"wordCount":6,"image":{"@id":"https:\/\/eduqa.pt\/concurso-publico-cpi-01-eduqa-2026\/#primaryimage"},"thumbnailUrl":"https:\/\/eduqa.pt\/wp-content\/uploads\/2026\/06\/Logo-EduQA.jpg","keywords":["Concurso P\u00fablico"],"articleSection":["Not\u00edcias EduQA"],"inLanguage":"en-GB"},{"@type":"WebPage","@id":"https:\/\/eduqa.pt\/concurso-publico-cpi-01-eduqa-2026\/","url":"https:\/\/eduqa.pt\/concurso-publico-cpi-01-eduqa-2026\/","name":"Public Competition - CPI\/01\/EduQA\/2026 - EduQA","isPartOf":{"@id":"https:\/\/eduqa.pt\/#website"},"primaryImageOfPage":{"@id":"https:\/\/eduqa.pt\/concurso-publico-cpi-01-eduqa-2026\/#primaryimage"},"image":{"@id":"https:\/\/eduqa.pt\/concurso-publico-cpi-01-eduqa-2026\/#primaryimage"},"thumbnailUrl":"https:\/\/eduqa.pt\/wp-content\/uploads\/2026\/06\/Logo-EduQA.jpg","datePublished":"2026-07-17T10:04:05+00:00","dateModified":"2026-07-17T10:04:17+00:00","author":{"@id":"https:\/\/eduqa.pt\/#\/schema\/person\/73bef2a205d69b0b0599374645278fca"},"breadcrumb":{"@id":"https:\/\/eduqa.pt\/concurso-publico-cpi-01-eduqa-2026\/#breadcrumb"},"inLanguage":"en-GB","potentialAction":[{"@type":"ReadAction","target":["https:\/\/eduqa.pt\/concurso-publico-cpi-01-eduqa-2026\/"]}]},{"@type":"ImageObject","inLanguage":"en-GB","@id":"https:\/\/eduqa.pt\/concurso-publico-cpi-01-eduqa-2026\/#primaryimage","url":"https:\/\/eduqa.pt\/wp-content\/uploads\/2026\/06\/Logo-EduQA.jpg","contentUrl":"https:\/\/eduqa.pt\/wp-content\/uploads\/2026\/06\/Logo-EduQA.jpg","width":701,"height":430,"caption":"Log\u00f3tipo do Instituto de Educa\u00e7\u00e3o, Qualidade e Avalia\u00e7\u00e3o, constitu\u00eddo por um s\u00edmbolo geom\u00e9trico tridimensional \u00e0 esquerda e o nome EduQA \u00e0 direita."},{"@type":"BreadcrumbList","@id":"https:\/\/eduqa.pt\/concurso-publico-cpi-01-eduqa-2026\/#breadcrumb","itemListElement":[{"@type":"ListItem","position":1,"name":"Home","item":"https:\/\/eduqa.pt\/"},{"@type":"ListItem","position":2,"name":"Concurso P\u00fablico &#8211; CPI\/01\/EduQA\/2026"}]},{"@type":"WebSite","@id":"https:\/\/eduqa.pt\/#website","url":"https:\/\/eduqa.pt\/","name":"EduQA","description":"Institute of Education, Quality and Evaluation","potentialAction":[{"@type":"SearchAction","target":{"@type":"EntryPoint","urlTemplate":"https:\/\/eduqa.pt\/?s={search_term_string}"},"query-input":{"@type":"PropertyValueSpecification","valueRequired":true,"valueName":"search_term_string"}}],"inLanguage":"en-GB"},{"@type":"Person","@id":"https:\/\/eduqa.pt\/#\/schema\/person\/73bef2a205d69b0b0599374645278fca","name":"Guilherme Oliveira","image":{"@type":"ImageObject","inLanguage":"en-GB","@id":"https:\/\/secure.gravatar.com\/avatar\/4242e67b46945e41499c7564c9ad9844b6eecbcdfea0968a209ef03067e0aed4?s=96&d=mm&r=g","url":"https:\/\/secure.gravatar.com\/avatar\/4242e67b46945e41499c7564c9ad9844b6eecbcdfea0968a209ef03067e0aed4?s=96&d=mm&r=g","contentUrl":"https:\/\/secure.gravatar.com\/avatar\/4242e67b46945e41499c7564c9ad9844b6eecbcdfea0968a209ef03067e0aed4?s=96&d=mm&r=g","caption":"Guilherme Oliveira"},"url":"https:\/\/eduqa.pt\/en\/author\/guilherme-oliveira\/"}]}},"_links":{"self":[{"href":"https:\/\/eduqa.pt\/en\/wp-json\/wp\/v2\/posts\/4986","targetHints":{"allow":["GET"]}}],"collection":[{"href":"https:\/\/eduqa.pt\/en\/wp-json\/wp\/v2\/posts"}],"about":[{"href":"https:\/\/eduqa.pt\/en\/wp-json\/wp\/v2\/types\/post"}],"author":[{"embeddable":true,"href":"https:\/\/eduqa.pt\/en\/wp-json\/wp\/v2\/users\/14"}],"replies":[{"embeddable":true,"href":"https:\/\/eduqa.pt\/en\/wp-json\/wp\/v2\/comments?post=4986"}],"version-history":[{"count":2,"href":"https:\/\/eduqa.pt\/en\/wp-json\/wp\/v2\/posts\/4986\/revisions"}],"predecessor-version":[{"id":4988,"href":"https:\/\/eduqa.pt\/en\/wp-json\/wp\/v2\/posts\/4986\/revisions\/4988"}],"wp:featuredmedia":[{"embeddable":true,"href":"https:\/\/eduqa.pt\/en\/wp-json\/wp\/v2\/media\/4417"}],"wp:attachment":[{"href":"https:\/\/eduqa.pt\/en\/wp-json\/wp\/v2\/media?parent=4986"}],"wp:term":[{"taxonomy":"category","embeddable":true,"href":"https:\/\/eduqa.pt\/en\/wp-json\/wp\/v2\/categories?post=4986"},{"taxonomy":"post_tag","embeddable":true,"href":"https:\/\/eduqa.pt\/en\/wp-json\/wp\/v2\/tags?post=4986"}],"curies":[{"name":"wp","href":"https:\/\/api.w.org\/{rel}","templated":true}]}}