{"id":3825,"date":"2026-04-27T11:24:48","date_gmt":"2026-04-27T11:24:48","guid":{"rendered":"https:\/\/eduqa.pt\/?p=3825"},"modified":"2026-04-27T11:25:15","modified_gmt":"2026-04-27T11:25:15","slug":"eduqa-participa-na-61-a-reuniao-do-pisa-governing-board","status":"publish","type":"post","link":"https:\/\/eduqa.pt\/en\/eduqa-participa-na-61-a-reuniao-do-pisa-governing-board\/","title":{"rendered":"EduQA participates in the 61st PISA Governing Board meeting."},"content":{"rendered":"<p><img loading=\"lazy\" decoding=\"async\" class=\"aligncenter size-full wp-image-3826\" src=\"https:\/\/eduqa.pt\/wp-content\/uploads\/2026\/04\/Brasil-PISAVET1-scaled.png\" alt=\"\" width=\"2560\" height=\"1439\" srcset=\"https:\/\/eduqa.pt\/wp-content\/uploads\/2026\/04\/Brasil-PISAVET1-scaled.png 2560w, https:\/\/eduqa.pt\/wp-content\/uploads\/2026\/04\/Brasil-PISAVET1-300x169.png 300w, https:\/\/eduqa.pt\/wp-content\/uploads\/2026\/04\/Brasil-PISAVET1-1024x576.png 1024w, https:\/\/eduqa.pt\/wp-content\/uploads\/2026\/04\/Brasil-PISAVET1-768x432.png 768w, https:\/\/eduqa.pt\/wp-content\/uploads\/2026\/04\/Brasil-PISAVET1-1536x863.png 1536w, https:\/\/eduqa.pt\/wp-content\/uploads\/2026\/04\/Brasil-PISAVET1-2048x1151.png 2048w, https:\/\/eduqa.pt\/wp-content\/uploads\/2026\/04\/Brasil-PISAVET1-18x10.png 18w\" sizes=\"auto, (max-width: 2560px) 100vw, 2560px\" \/><\/p>\n<p><strong>EduQA, IP participated in the 61st meeting of the PISA Governing Board, which took place in Bras\u00edlia between April 8 and 10.<\/strong><\/p>\n<p>The meeting was marked by the transition of Portugal&#039;s representation on this PISA governing body, passing from the President of the Board of Directors of EduQA, Lu\u00eds Pereira dos Santos, to the Board Member, Anabela Serr\u00e3o, who was previously Portugal&#039;s National Project Manager (NPM) for the study. Lu\u00eds Pereira dos Santos had represented Portugal on the PISA Governing Board since February 2019.<\/p>\n<p>Promoted by the OECD, PISA assesses, every four years, the skills of 15-year-old students in the areas of reading, mathematics and science and involves more than 80 countries, constituting a reference for the definition of educational policies at an international level.<\/p>\n<p><img loading=\"lazy\" decoding=\"async\" class=\"aligncenter size-full wp-image-3828\" src=\"https:\/\/eduqa.pt\/wp-content\/uploads\/2026\/04\/PISAVETBrasil-2-1-nwm-scaled.jpg\" alt=\"\" width=\"2560\" height=\"1439\" srcset=\"https:\/\/eduqa.pt\/wp-content\/uploads\/2026\/04\/PISAVETBrasil-2-1-nwm-scaled.jpg 2560w, https:\/\/eduqa.pt\/wp-content\/uploads\/2026\/04\/PISAVETBrasil-2-1-nwm-300x169.jpg 300w, https:\/\/eduqa.pt\/wp-content\/uploads\/2026\/04\/PISAVETBrasil-2-1-nwm-1024x576.jpg 1024w, https:\/\/eduqa.pt\/wp-content\/uploads\/2026\/04\/PISAVETBrasil-2-1-nwm-768x432.jpg 768w, https:\/\/eduqa.pt\/wp-content\/uploads\/2026\/04\/PISAVETBrasil-2-1-nwm-1536x863.jpg 1536w, https:\/\/eduqa.pt\/wp-content\/uploads\/2026\/04\/PISAVETBrasil-2-1-nwm-2048x1151.jpg 2048w, https:\/\/eduqa.pt\/wp-content\/uploads\/2026\/04\/PISAVETBrasil-2-1-nwm-18x10.jpg 18w\" sizes=\"auto, (max-width: 2560px) 100vw, 2560px\" \/><\/p>","protected":false},"excerpt":{"rendered":"<p>O EduQA, I.P. participou na 61.\u00aa reuni\u00e3o do PISA Governing Board, que decorreu em Bras\u00edlia, entre 8 e 10 de abril. O encontro ficou marcado pela transi\u00e7\u00e3o da representa\u00e7\u00e3o de Portugal neste \u00f3rg\u00e3o de governa\u00e7\u00e3o do PISA, passando do Presidente do Conselho Diretivo do EduQA, Lu\u00eds Pereira dos Santos, para a Vogal do Conselho Diretivo, [&hellip;]<\/p>\n","protected":false},"author":12,"featured_media":0,"comment_status":"closed","ping_status":"open","sticky":false,"template":"","format":"standard","meta":{"_acf_changed":false,"footnotes":""},"categories":[13],"tags":[],"class_list":["post-3825","post","type-post","status-publish","format-standard","hentry","category-noticias"],"acf":[],"yoast_head":"<!-- This site is optimized with the Yoast SEO plugin v27.5 - https:\/\/yoast.com\/product\/yoast-seo-wordpress\/ -->\n<title>EduQA participa na 61.\u00aa reuni\u00e3o do PISA Governing Board - EduQA<\/title>\n<meta name=\"robots\" content=\"index, follow, max-snippet:-1, max-image-preview:large, max-video-preview:-1\" \/>\n<link rel=\"canonical\" href=\"https:\/\/eduqa.pt\/en\/eduqa-participa-na-61-a-reuniao-do-pisa-governing-board\/\" \/>\n<meta property=\"og:locale\" content=\"en_GB\" \/>\n<meta property=\"og:type\" content=\"article\" \/>\n<meta property=\"og:title\" content=\"EduQA participa na 61.\u00aa reuni\u00e3o do PISA Governing Board - EduQA\" \/>\n<meta property=\"og:description\" content=\"O EduQA, I.P. participou na 61.\u00aa reuni\u00e3o do PISA Governing Board, que decorreu em Bras\u00edlia, entre 8 e 10 de abril. O encontro ficou marcado pela transi\u00e7\u00e3o da representa\u00e7\u00e3o de Portugal neste \u00f3rg\u00e3o de governa\u00e7\u00e3o do PISA, passando do Presidente do Conselho Diretivo do EduQA, Lu\u00eds Pereira dos Santos, para a Vogal do Conselho Diretivo, [&hellip;]\" \/>\n<meta property=\"og:url\" content=\"https:\/\/eduqa.pt\/en\/eduqa-participa-na-61-a-reuniao-do-pisa-governing-board\/\" \/>\n<meta property=\"og:site_name\" content=\"EduQA\" \/>\n<meta property=\"article:published_time\" content=\"2026-04-27T11:24:48+00:00\" \/>\n<meta property=\"article:modified_time\" content=\"2026-04-27T11:25:15+00:00\" \/>\n<meta property=\"og:image\" content=\"https:\/\/eduqa.pt\/wp-content\/uploads\/2026\/04\/Brasil-PISAVET1-scaled.png\" \/>\n\t<meta property=\"og:image:width\" content=\"2560\" \/>\n\t<meta property=\"og:image:height\" content=\"1439\" \/>\n\t<meta property=\"og:image:type\" content=\"image\/png\" \/>\n<meta name=\"author\" content=\"Jorge Santos\" \/>\n<meta name=\"twitter:card\" content=\"summary_large_image\" \/>\n<meta name=\"twitter:label1\" content=\"Written by\" \/>\n\t<meta name=\"twitter:data1\" content=\"Jorge Santos\" \/>\n\t<meta name=\"twitter:label2\" content=\"Est. reading time\" \/>\n\t<meta name=\"twitter:data2\" content=\"1 minute\" \/>\n<script type=\"application\/ld+json\" class=\"yoast-schema-graph\">{\"@context\":\"https:\\\/\\\/schema.org\",\"@graph\":[{\"@type\":\"Article\",\"@id\":\"https:\\\/\\\/eduqa.pt\\\/eduqa-participa-na-61-a-reuniao-do-pisa-governing-board\\\/#article\",\"isPartOf\":{\"@id\":\"https:\\\/\\\/eduqa.pt\\\/eduqa-participa-na-61-a-reuniao-do-pisa-governing-board\\\/\"},\"author\":{\"name\":\"Jorge Santos\",\"@id\":\"https:\\\/\\\/dev.eduqa.pt\\\/#\\\/schema\\\/person\\\/0f07aff89fcf4d17d854b69f699f28ba\"},\"headline\":\"EduQA participa na 61.\u00aa reuni\u00e3o do PISA Governing Board\",\"datePublished\":\"2026-04-27T11:24:48+00:00\",\"dateModified\":\"2026-04-27T11:25:15+00:00\",\"mainEntityOfPage\":{\"@id\":\"https:\\\/\\\/eduqa.pt\\\/eduqa-participa-na-61-a-reuniao-do-pisa-governing-board\\\/\"},\"wordCount\":147,\"image\":{\"@id\":\"https:\\\/\\\/eduqa.pt\\\/eduqa-participa-na-61-a-reuniao-do-pisa-governing-board\\\/#primaryimage\"},\"thumbnailUrl\":\"https:\\\/\\\/eduqa.pt\\\/wp-content\\\/uploads\\\/2026\\\/04\\\/Brasil-PISAVET1-scaled.png\",\"articleSection\":[\"Not\u00edcias EduQA\"],\"inLanguage\":\"en-GB\"},{\"@type\":\"WebPage\",\"@id\":\"https:\\\/\\\/eduqa.pt\\\/eduqa-participa-na-61-a-reuniao-do-pisa-governing-board\\\/\",\"url\":\"https:\\\/\\\/eduqa.pt\\\/eduqa-participa-na-61-a-reuniao-do-pisa-governing-board\\\/\",\"name\":\"EduQA participa na 61.\u00aa reuni\u00e3o do PISA Governing Board - EduQA\",\"isPartOf\":{\"@id\":\"https:\\\/\\\/dev.eduqa.pt\\\/#website\"},\"primaryImageOfPage\":{\"@id\":\"https:\\\/\\\/eduqa.pt\\\/eduqa-participa-na-61-a-reuniao-do-pisa-governing-board\\\/#primaryimage\"},\"image\":{\"@id\":\"https:\\\/\\\/eduqa.pt\\\/eduqa-participa-na-61-a-reuniao-do-pisa-governing-board\\\/#primaryimage\"},\"thumbnailUrl\":\"https:\\\/\\\/eduqa.pt\\\/wp-content\\\/uploads\\\/2026\\\/04\\\/Brasil-PISAVET1-scaled.png\",\"datePublished\":\"2026-04-27T11:24:48+00:00\",\"dateModified\":\"2026-04-27T11:25:15+00:00\",\"author\":{\"@id\":\"https:\\\/\\\/dev.eduqa.pt\\\/#\\\/schema\\\/person\\\/0f07aff89fcf4d17d854b69f699f28ba\"},\"breadcrumb\":{\"@id\":\"https:\\\/\\\/eduqa.pt\\\/eduqa-participa-na-61-a-reuniao-do-pisa-governing-board\\\/#breadcrumb\"},\"inLanguage\":\"en-GB\",\"potentialAction\":[{\"@type\":\"ReadAction\",\"target\":[\"https:\\\/\\\/eduqa.pt\\\/eduqa-participa-na-61-a-reuniao-do-pisa-governing-board\\\/\"]}]},{\"@type\":\"ImageObject\",\"inLanguage\":\"en-GB\",\"@id\":\"https:\\\/\\\/eduqa.pt\\\/eduqa-participa-na-61-a-reuniao-do-pisa-governing-board\\\/#primaryimage\",\"url\":\"https:\\\/\\\/eduqa.pt\\\/wp-content\\\/uploads\\\/2026\\\/04\\\/Brasil-PISAVET1-scaled.png\",\"contentUrl\":\"https:\\\/\\\/eduqa.pt\\\/wp-content\\\/uploads\\\/2026\\\/04\\\/Brasil-PISAVET1-scaled.png\"},{\"@type\":\"BreadcrumbList\",\"@id\":\"https:\\\/\\\/eduqa.pt\\\/eduqa-participa-na-61-a-reuniao-do-pisa-governing-board\\\/#breadcrumb\",\"itemListElement\":[{\"@type\":\"ListItem\",\"position\":1,\"name\":\"Home\",\"item\":\"https:\\\/\\\/eduqa.pt\\\/\"},{\"@type\":\"ListItem\",\"position\":2,\"name\":\"EduQA participa na 61.\u00aa reuni\u00e3o do PISA Governing Board\"}]},{\"@type\":\"WebSite\",\"@id\":\"https:\\\/\\\/dev.eduqa.pt\\\/#website\",\"url\":\"https:\\\/\\\/dev.eduqa.pt\\\/\",\"name\":\"EduQA\",\"description\":\"Instituto de Educa\u00e7\u00e3o, Qualidade e Avalia\u00e7\u00e3o\",\"potentialAction\":[{\"@type\":\"SearchAction\",\"target\":{\"@type\":\"EntryPoint\",\"urlTemplate\":\"https:\\\/\\\/dev.eduqa.pt\\\/?s={search_term_string}\"},\"query-input\":{\"@type\":\"PropertyValueSpecification\",\"valueRequired\":true,\"valueName\":\"search_term_string\"}}],\"inLanguage\":\"en-GB\"},{\"@type\":\"Person\",\"@id\":\"https:\\\/\\\/dev.eduqa.pt\\\/#\\\/schema\\\/person\\\/0f07aff89fcf4d17d854b69f699f28ba\",\"name\":\"Jorge Santos\",\"image\":{\"@type\":\"ImageObject\",\"inLanguage\":\"en-GB\",\"@id\":\"https:\\\/\\\/secure.gravatar.com\\\/avatar\\\/fe079a69b8a218da2004d8ca687d4a59c107e892df384ed20a2ac3ab2bb41b8f?s=96&d=mm&r=g\",\"url\":\"https:\\\/\\\/secure.gravatar.com\\\/avatar\\\/fe079a69b8a218da2004d8ca687d4a59c107e892df384ed20a2ac3ab2bb41b8f?s=96&d=mm&r=g\",\"contentUrl\":\"https:\\\/\\\/secure.gravatar.com\\\/avatar\\\/fe079a69b8a218da2004d8ca687d4a59c107e892df384ed20a2ac3ab2bb41b8f?s=96&d=mm&r=g\",\"caption\":\"Jorge Santos\"},\"url\":\"https:\\\/\\\/eduqa.pt\\\/en\\\/author\\\/jorge-m-santos\\\/\"}]}<\/script>\n<!-- \/ Yoast SEO plugin. -->","yoast_head_json":{"title":"EduQA participa na 61.\u00aa reuni\u00e3o do PISA Governing Board - EduQA","robots":{"index":"index","follow":"follow","max-snippet":"max-snippet:-1","max-image-preview":"max-image-preview:large","max-video-preview":"max-video-preview:-1"},"canonical":"https:\/\/eduqa.pt\/en\/eduqa-participa-na-61-a-reuniao-do-pisa-governing-board\/","og_locale":"en_GB","og_type":"article","og_title":"EduQA participa na 61.\u00aa reuni\u00e3o do PISA Governing Board - EduQA","og_description":"O EduQA, I.P. participou na 61.\u00aa reuni\u00e3o do PISA Governing Board, que decorreu em Bras\u00edlia, entre 8 e 10 de abril. O encontro ficou marcado pela transi\u00e7\u00e3o da representa\u00e7\u00e3o de Portugal neste \u00f3rg\u00e3o de governa\u00e7\u00e3o do PISA, passando do Presidente do Conselho Diretivo do EduQA, Lu\u00eds Pereira dos Santos, para a Vogal do Conselho Diretivo, [&hellip;]","og_url":"https:\/\/eduqa.pt\/en\/eduqa-participa-na-61-a-reuniao-do-pisa-governing-board\/","og_site_name":"EduQA","article_published_time":"2026-04-27T11:24:48+00:00","article_modified_time":"2026-04-27T11:25:15+00:00","og_image":[{"width":2560,"height":1439,"url":"https:\/\/eduqa.pt\/wp-content\/uploads\/2026\/04\/Brasil-PISAVET1-scaled.png","type":"image\/png"}],"author":"Jorge Santos","twitter_card":"summary_large_image","twitter_misc":{"Written by":"Jorge Santos","Est. reading time":"1 minute"},"schema":{"@context":"https:\/\/schema.org","@graph":[{"@type":"Article","@id":"https:\/\/eduqa.pt\/eduqa-participa-na-61-a-reuniao-do-pisa-governing-board\/#article","isPartOf":{"@id":"https:\/\/eduqa.pt\/eduqa-participa-na-61-a-reuniao-do-pisa-governing-board\/"},"author":{"name":"Jorge Santos","@id":"https:\/\/dev.eduqa.pt\/#\/schema\/person\/0f07aff89fcf4d17d854b69f699f28ba"},"headline":"EduQA participa na 61.\u00aa reuni\u00e3o do PISA Governing Board","datePublished":"2026-04-27T11:24:48+00:00","dateModified":"2026-04-27T11:25:15+00:00","mainEntityOfPage":{"@id":"https:\/\/eduqa.pt\/eduqa-participa-na-61-a-reuniao-do-pisa-governing-board\/"},"wordCount":147,"image":{"@id":"https:\/\/eduqa.pt\/eduqa-participa-na-61-a-reuniao-do-pisa-governing-board\/#primaryimage"},"thumbnailUrl":"https:\/\/eduqa.pt\/wp-content\/uploads\/2026\/04\/Brasil-PISAVET1-scaled.png","articleSection":["Not\u00edcias EduQA"],"inLanguage":"en-GB"},{"@type":"WebPage","@id":"https:\/\/eduqa.pt\/eduqa-participa-na-61-a-reuniao-do-pisa-governing-board\/","url":"https:\/\/eduqa.pt\/eduqa-participa-na-61-a-reuniao-do-pisa-governing-board\/","name":"EduQA participa na 61.\u00aa reuni\u00e3o do PISA Governing Board - EduQA","isPartOf":{"@id":"https:\/\/dev.eduqa.pt\/#website"},"primaryImageOfPage":{"@id":"https:\/\/eduqa.pt\/eduqa-participa-na-61-a-reuniao-do-pisa-governing-board\/#primaryimage"},"image":{"@id":"https:\/\/eduqa.pt\/eduqa-participa-na-61-a-reuniao-do-pisa-governing-board\/#primaryimage"},"thumbnailUrl":"https:\/\/eduqa.pt\/wp-content\/uploads\/2026\/04\/Brasil-PISAVET1-scaled.png","datePublished":"2026-04-27T11:24:48+00:00","dateModified":"2026-04-27T11:25:15+00:00","author":{"@id":"https:\/\/dev.eduqa.pt\/#\/schema\/person\/0f07aff89fcf4d17d854b69f699f28ba"},"breadcrumb":{"@id":"https:\/\/eduqa.pt\/eduqa-participa-na-61-a-reuniao-do-pisa-governing-board\/#breadcrumb"},"inLanguage":"en-GB","potentialAction":[{"@type":"ReadAction","target":["https:\/\/eduqa.pt\/eduqa-participa-na-61-a-reuniao-do-pisa-governing-board\/"]}]},{"@type":"ImageObject","inLanguage":"en-GB","@id":"https:\/\/eduqa.pt\/eduqa-participa-na-61-a-reuniao-do-pisa-governing-board\/#primaryimage","url":"https:\/\/eduqa.pt\/wp-content\/uploads\/2026\/04\/Brasil-PISAVET1-scaled.png","contentUrl":"https:\/\/eduqa.pt\/wp-content\/uploads\/2026\/04\/Brasil-PISAVET1-scaled.png"},{"@type":"BreadcrumbList","@id":"https:\/\/eduqa.pt\/eduqa-participa-na-61-a-reuniao-do-pisa-governing-board\/#breadcrumb","itemListElement":[{"@type":"ListItem","position":1,"name":"Home","item":"https:\/\/eduqa.pt\/"},{"@type":"ListItem","position":2,"name":"EduQA participa na 61.\u00aa reuni\u00e3o do PISA Governing Board"}]},{"@type":"WebSite","@id":"https:\/\/dev.eduqa.pt\/#website","url":"https:\/\/dev.eduqa.pt\/","name":"EduQA","description":"Institute of Education, Quality and Evaluation","potentialAction":[{"@type":"SearchAction","target":{"@type":"EntryPoint","urlTemplate":"https:\/\/dev.eduqa.pt\/?s={search_term_string}"},"query-input":{"@type":"PropertyValueSpecification","valueRequired":true,"valueName":"search_term_string"}}],"inLanguage":"en-GB"},{"@type":"Person","@id":"https:\/\/dev.eduqa.pt\/#\/schema\/person\/0f07aff89fcf4d17d854b69f699f28ba","name":"Jorge Santos","image":{"@type":"ImageObject","inLanguage":"en-GB","@id":"https:\/\/secure.gravatar.com\/avatar\/fe079a69b8a218da2004d8ca687d4a59c107e892df384ed20a2ac3ab2bb41b8f?s=96&d=mm&r=g","url":"https:\/\/secure.gravatar.com\/avatar\/fe079a69b8a218da2004d8ca687d4a59c107e892df384ed20a2ac3ab2bb41b8f?s=96&d=mm&r=g","contentUrl":"https:\/\/secure.gravatar.com\/avatar\/fe079a69b8a218da2004d8ca687d4a59c107e892df384ed20a2ac3ab2bb41b8f?s=96&d=mm&r=g","caption":"Jorge Santos"},"url":"https:\/\/eduqa.pt\/en\/author\/jorge-m-santos\/"}]}},"_links":{"self":[{"href":"https:\/\/eduqa.pt\/en\/wp-json\/wp\/v2\/posts\/3825","targetHints":{"allow":["GET"]}}],"collection":[{"href":"https:\/\/eduqa.pt\/en\/wp-json\/wp\/v2\/posts"}],"about":[{"href":"https:\/\/eduqa.pt\/en\/wp-json\/wp\/v2\/types\/post"}],"author":[{"embeddable":true,"href":"https:\/\/eduqa.pt\/en\/wp-json\/wp\/v2\/users\/12"}],"replies":[{"embeddable":true,"href":"https:\/\/eduqa.pt\/en\/wp-json\/wp\/v2\/comments?post=3825"}],"version-history":[{"count":1,"href":"https:\/\/eduqa.pt\/en\/wp-json\/wp\/v2\/posts\/3825\/revisions"}],"predecessor-version":[{"id":3829,"href":"https:\/\/eduqa.pt\/en\/wp-json\/wp\/v2\/posts\/3825\/revisions\/3829"}],"wp:attachment":[{"href":"https:\/\/eduqa.pt\/en\/wp-json\/wp\/v2\/media?parent=3825"}],"wp:term":[{"taxonomy":"category","embeddable":true,"href":"https:\/\/eduqa.pt\/en\/wp-json\/wp\/v2\/categories?post=3825"},{"taxonomy":"post_tag","embeddable":true,"href":"https:\/\/eduqa.pt\/en\/wp-json\/wp\/v2\/tags?post=3825"}],"curies":[{"name":"wp","href":"https:\/\/api.w.org\/{rel}","templated":true}]}}