{"id":3738,"date":"2026-04-23T15:11:59","date_gmt":"2026-04-23T15:11:59","guid":{"rendered":"https:\/\/eduqa.pt\/?p=3738"},"modified":"2026-04-24T16:45:37","modified_gmt":"2026-04-24T16:45:37","slug":"circular-no-1-eduqa-agse-2026","status":"publish","type":"post","link":"https:\/\/eduqa.pt\/en\/circular-no-1-eduqa-agse-2026\/","title":{"rendered":"Circular No. 1\/EduQA\/AGSE\/2026"},"content":{"rendered":"<p><strong>Planning and coordination of vocational training networks for the academic year of<\/strong><br \/>\n<strong>2026\/2027.<\/strong><\/p>\n<p><a href=\"https:\/\/eduqa.pt\/wp-content\/uploads\/2026\/04\/Circular-1-2026-EduQA-AGSE-17042026.pdf\" target=\"_blank\" rel=\"noopener\">Methodological guidelines and ranking criteria for Youth Education and Training Courses (CEF) and Vocational Courses (CP)<\/a><\/p>\n<p><a href=\"https:\/\/eduqa.pt\/wp-content\/uploads\/2026\/04\/Circular-n.-1-2026-Anexo-I.pdf\" target=\"_blank\" rel=\"noopener\">Annex I of Circular No. 1\/EduQA\/2026. List of Specialized Technological Centers, Education and Training Areas, and Qualifications.<\/a><\/p>\n<p><a href=\"https:\/\/eduqa.pt\/wp-content\/uploads\/2026\/04\/Circular-n.-1-2026-Anexo-II.pdf\" target=\"_blank\" rel=\"noopener\">Annex II of Circular No. 1\/EduQA\/2026. List of schools with Specialized Technological Centers, by CIM\/AM and by qualifications covered.<\/a><\/p>\n<p><a href=\"https:\/\/eduqa.pt\/wp-content\/uploads\/2026\/04\/Circular-n.-1-2026-Anexo-III.pdf\" target=\"_blank\" rel=\"noopener\">Annex III of Circular No. 1\/EduQA\/2026. Ranking criteria applicable to Education and Training Courses for the 2026-2027 academic year.<\/a><\/p>\n<p><a href=\"https:\/\/eduqa.pt\/wp-content\/uploads\/2026\/04\/Circular-n.-1-2026-Anexo-IV.pdf\" target=\"_blank\" rel=\"noopener\">Annex IV of Circular No. 1\/EduQA\/2026. Ranking criteria applicable to Vocational Courses, for the year 2026-2027.<\/a><\/p>","protected":false},"excerpt":{"rendered":"<p>Planeamento e concerta\u00e7\u00e3o das redes de ofertas profissionalizantes para o ano letivo de 2026\/2027. Orienta\u00e7\u00f5es metodol\u00f3gicas e crit\u00e9rios de ordenamento para os Cursos de Educa\u00e7\u00e3o e Forma\u00e7\u00e3o de Jovens (CEF) e Cursos Profissionais (CP) Anexo I. da Circular n.\u00ba 1\/EduQA\/2026. Rela\u00e7\u00e3o Centros Tecnol\u00f3gicos Especializados, \u00c1reas de Educa\u00e7\u00e3o e Forma\u00e7\u00e3o e Qualifica\u00e7\u00f5es Anexo II. da Circular [&hellip;]<\/p>\n","protected":false},"author":14,"featured_media":0,"comment_status":"closed","ping_status":"open","sticky":false,"template":"","format":"standard","meta":{"_acf_changed":false,"footnotes":""},"categories":[1],"tags":[],"class_list":["post-3738","post","type-post","status-publish","format-standard","hentry","category-uncategorized"],"acf":[],"yoast_head":"<!-- This site is optimized with the Yoast SEO plugin v27.5 - https:\/\/yoast.com\/product\/yoast-seo-wordpress\/ -->\n<title>Circular n\u00ba 1\/EduQA\/AGSE\/2026 - EduQA<\/title>\n<meta name=\"robots\" content=\"index, follow, max-snippet:-1, max-image-preview:large, max-video-preview:-1\" \/>\n<link rel=\"canonical\" href=\"https:\/\/eduqa.pt\/en\/circular-no-1-eduqa-agse-2026\/\" \/>\n<meta property=\"og:locale\" content=\"en_GB\" \/>\n<meta property=\"og:type\" content=\"article\" \/>\n<meta property=\"og:title\" content=\"Circular n\u00ba 1\/EduQA\/AGSE\/2026 - EduQA\" \/>\n<meta property=\"og:description\" content=\"Planeamento e concerta\u00e7\u00e3o das redes de ofertas profissionalizantes para o ano letivo de 2026\/2027. Orienta\u00e7\u00f5es metodol\u00f3gicas e crit\u00e9rios de ordenamento para os Cursos de Educa\u00e7\u00e3o e Forma\u00e7\u00e3o de Jovens (CEF) e Cursos Profissionais (CP) Anexo I. da Circular n.\u00ba 1\/EduQA\/2026. Rela\u00e7\u00e3o Centros Tecnol\u00f3gicos Especializados, \u00c1reas de Educa\u00e7\u00e3o e Forma\u00e7\u00e3o e Qualifica\u00e7\u00f5es Anexo II. da Circular [&hellip;]\" \/>\n<meta property=\"og:url\" content=\"https:\/\/eduqa.pt\/en\/circular-no-1-eduqa-agse-2026\/\" \/>\n<meta property=\"og:site_name\" content=\"EduQA\" \/>\n<meta property=\"article:published_time\" content=\"2026-04-23T15:11:59+00:00\" \/>\n<meta property=\"article:modified_time\" content=\"2026-04-24T16:45:37+00:00\" \/>\n<meta name=\"author\" content=\"Guilherme Oliveira\" \/>\n<meta name=\"twitter:card\" content=\"summary_large_image\" \/>\n<meta name=\"twitter:label1\" content=\"Written by\" \/>\n\t<meta name=\"twitter:data1\" content=\"Guilherme Oliveira\" \/>\n\t<meta name=\"twitter:label2\" content=\"Est. reading time\" \/>\n\t<meta name=\"twitter:data2\" content=\"1 minute\" \/>\n<script type=\"application\/ld+json\" class=\"yoast-schema-graph\">{\"@context\":\"https:\\\/\\\/schema.org\",\"@graph\":[{\"@type\":\"Article\",\"@id\":\"https:\\\/\\\/eduqa.pt\\\/circular-no-1-eduqa-agse-2026\\\/#article\",\"isPartOf\":{\"@id\":\"https:\\\/\\\/eduqa.pt\\\/circular-no-1-eduqa-agse-2026\\\/\"},\"author\":{\"name\":\"Guilherme Oliveira\",\"@id\":\"https:\\\/\\\/dev.eduqa.pt\\\/#\\\/schema\\\/person\\\/73bef2a205d69b0b0599374645278fca\"},\"headline\":\"Circular n\u00ba 1\\\/EduQA\\\/AGSE\\\/2026\",\"datePublished\":\"2026-04-23T15:11:59+00:00\",\"dateModified\":\"2026-04-24T16:45:37+00:00\",\"mainEntityOfPage\":{\"@id\":\"https:\\\/\\\/eduqa.pt\\\/circular-no-1-eduqa-agse-2026\\\/\"},\"wordCount\":133,\"inLanguage\":\"en-GB\"},{\"@type\":\"WebPage\",\"@id\":\"https:\\\/\\\/eduqa.pt\\\/circular-no-1-eduqa-agse-2026\\\/\",\"url\":\"https:\\\/\\\/eduqa.pt\\\/circular-no-1-eduqa-agse-2026\\\/\",\"name\":\"Circular n\u00ba 1\\\/EduQA\\\/AGSE\\\/2026 - EduQA\",\"isPartOf\":{\"@id\":\"https:\\\/\\\/dev.eduqa.pt\\\/#website\"},\"datePublished\":\"2026-04-23T15:11:59+00:00\",\"dateModified\":\"2026-04-24T16:45:37+00:00\",\"author\":{\"@id\":\"https:\\\/\\\/dev.eduqa.pt\\\/#\\\/schema\\\/person\\\/73bef2a205d69b0b0599374645278fca\"},\"breadcrumb\":{\"@id\":\"https:\\\/\\\/eduqa.pt\\\/circular-no-1-eduqa-agse-2026\\\/#breadcrumb\"},\"inLanguage\":\"en-GB\",\"potentialAction\":[{\"@type\":\"ReadAction\",\"target\":[\"https:\\\/\\\/eduqa.pt\\\/circular-no-1-eduqa-agse-2026\\\/\"]}]},{\"@type\":\"BreadcrumbList\",\"@id\":\"https:\\\/\\\/eduqa.pt\\\/circular-no-1-eduqa-agse-2026\\\/#breadcrumb\",\"itemListElement\":[{\"@type\":\"ListItem\",\"position\":1,\"name\":\"Home\",\"item\":\"https:\\\/\\\/eduqa.pt\\\/\"},{\"@type\":\"ListItem\",\"position\":2,\"name\":\"Circular n\u00ba 1\\\/EduQA\\\/AGSE\\\/2026\"}]},{\"@type\":\"WebSite\",\"@id\":\"https:\\\/\\\/dev.eduqa.pt\\\/#website\",\"url\":\"https:\\\/\\\/dev.eduqa.pt\\\/\",\"name\":\"EduQA\",\"description\":\"Instituto de Educa\u00e7\u00e3o, Qualidade e Avalia\u00e7\u00e3o\",\"potentialAction\":[{\"@type\":\"SearchAction\",\"target\":{\"@type\":\"EntryPoint\",\"urlTemplate\":\"https:\\\/\\\/dev.eduqa.pt\\\/?s={search_term_string}\"},\"query-input\":{\"@type\":\"PropertyValueSpecification\",\"valueRequired\":true,\"valueName\":\"search_term_string\"}}],\"inLanguage\":\"en-GB\"},{\"@type\":\"Person\",\"@id\":\"https:\\\/\\\/dev.eduqa.pt\\\/#\\\/schema\\\/person\\\/73bef2a205d69b0b0599374645278fca\",\"name\":\"Guilherme Oliveira\",\"image\":{\"@type\":\"ImageObject\",\"inLanguage\":\"en-GB\",\"@id\":\"https:\\\/\\\/secure.gravatar.com\\\/avatar\\\/4242e67b46945e41499c7564c9ad9844b6eecbcdfea0968a209ef03067e0aed4?s=96&d=mm&r=g\",\"url\":\"https:\\\/\\\/secure.gravatar.com\\\/avatar\\\/4242e67b46945e41499c7564c9ad9844b6eecbcdfea0968a209ef03067e0aed4?s=96&d=mm&r=g\",\"contentUrl\":\"https:\\\/\\\/secure.gravatar.com\\\/avatar\\\/4242e67b46945e41499c7564c9ad9844b6eecbcdfea0968a209ef03067e0aed4?s=96&d=mm&r=g\",\"caption\":\"Guilherme Oliveira\"},\"url\":\"https:\\\/\\\/eduqa.pt\\\/en\\\/author\\\/guilherme-oliveira\\\/\"}]}<\/script>\n<!-- \/ Yoast SEO plugin. -->","yoast_head_json":{"title":"Circular n\u00ba 1\/EduQA\/AGSE\/2026 - EduQA","robots":{"index":"index","follow":"follow","max-snippet":"max-snippet:-1","max-image-preview":"max-image-preview:large","max-video-preview":"max-video-preview:-1"},"canonical":"https:\/\/eduqa.pt\/en\/circular-no-1-eduqa-agse-2026\/","og_locale":"en_GB","og_type":"article","og_title":"Circular n\u00ba 1\/EduQA\/AGSE\/2026 - EduQA","og_description":"Planeamento e concerta\u00e7\u00e3o das redes de ofertas profissionalizantes para o ano letivo de 2026\/2027. Orienta\u00e7\u00f5es metodol\u00f3gicas e crit\u00e9rios de ordenamento para os Cursos de Educa\u00e7\u00e3o e Forma\u00e7\u00e3o de Jovens (CEF) e Cursos Profissionais (CP) Anexo I. da Circular n.\u00ba 1\/EduQA\/2026. Rela\u00e7\u00e3o Centros Tecnol\u00f3gicos Especializados, \u00c1reas de Educa\u00e7\u00e3o e Forma\u00e7\u00e3o e Qualifica\u00e7\u00f5es Anexo II. da Circular [&hellip;]","og_url":"https:\/\/eduqa.pt\/en\/circular-no-1-eduqa-agse-2026\/","og_site_name":"EduQA","article_published_time":"2026-04-23T15:11:59+00:00","article_modified_time":"2026-04-24T16:45:37+00:00","author":"Guilherme Oliveira","twitter_card":"summary_large_image","twitter_misc":{"Written by":"Guilherme Oliveira","Est. reading time":"1 minute"},"schema":{"@context":"https:\/\/schema.org","@graph":[{"@type":"Article","@id":"https:\/\/eduqa.pt\/circular-no-1-eduqa-agse-2026\/#article","isPartOf":{"@id":"https:\/\/eduqa.pt\/circular-no-1-eduqa-agse-2026\/"},"author":{"name":"Guilherme Oliveira","@id":"https:\/\/dev.eduqa.pt\/#\/schema\/person\/73bef2a205d69b0b0599374645278fca"},"headline":"Circular n\u00ba 1\/EduQA\/AGSE\/2026","datePublished":"2026-04-23T15:11:59+00:00","dateModified":"2026-04-24T16:45:37+00:00","mainEntityOfPage":{"@id":"https:\/\/eduqa.pt\/circular-no-1-eduqa-agse-2026\/"},"wordCount":133,"inLanguage":"en-GB"},{"@type":"WebPage","@id":"https:\/\/eduqa.pt\/circular-no-1-eduqa-agse-2026\/","url":"https:\/\/eduqa.pt\/circular-no-1-eduqa-agse-2026\/","name":"Circular n\u00ba 1\/EduQA\/AGSE\/2026 - EduQA","isPartOf":{"@id":"https:\/\/dev.eduqa.pt\/#website"},"datePublished":"2026-04-23T15:11:59+00:00","dateModified":"2026-04-24T16:45:37+00:00","author":{"@id":"https:\/\/dev.eduqa.pt\/#\/schema\/person\/73bef2a205d69b0b0599374645278fca"},"breadcrumb":{"@id":"https:\/\/eduqa.pt\/circular-no-1-eduqa-agse-2026\/#breadcrumb"},"inLanguage":"en-GB","potentialAction":[{"@type":"ReadAction","target":["https:\/\/eduqa.pt\/circular-no-1-eduqa-agse-2026\/"]}]},{"@type":"BreadcrumbList","@id":"https:\/\/eduqa.pt\/circular-no-1-eduqa-agse-2026\/#breadcrumb","itemListElement":[{"@type":"ListItem","position":1,"name":"Home","item":"https:\/\/eduqa.pt\/"},{"@type":"ListItem","position":2,"name":"Circular n\u00ba 1\/EduQA\/AGSE\/2026"}]},{"@type":"WebSite","@id":"https:\/\/dev.eduqa.pt\/#website","url":"https:\/\/dev.eduqa.pt\/","name":"EduQA","description":"Institute of Education, Quality and Evaluation","potentialAction":[{"@type":"SearchAction","target":{"@type":"EntryPoint","urlTemplate":"https:\/\/dev.eduqa.pt\/?s={search_term_string}"},"query-input":{"@type":"PropertyValueSpecification","valueRequired":true,"valueName":"search_term_string"}}],"inLanguage":"en-GB"},{"@type":"Person","@id":"https:\/\/dev.eduqa.pt\/#\/schema\/person\/73bef2a205d69b0b0599374645278fca","name":"Guilherme Oliveira","image":{"@type":"ImageObject","inLanguage":"en-GB","@id":"https:\/\/secure.gravatar.com\/avatar\/4242e67b46945e41499c7564c9ad9844b6eecbcdfea0968a209ef03067e0aed4?s=96&d=mm&r=g","url":"https:\/\/secure.gravatar.com\/avatar\/4242e67b46945e41499c7564c9ad9844b6eecbcdfea0968a209ef03067e0aed4?s=96&d=mm&r=g","contentUrl":"https:\/\/secure.gravatar.com\/avatar\/4242e67b46945e41499c7564c9ad9844b6eecbcdfea0968a209ef03067e0aed4?s=96&d=mm&r=g","caption":"Guilherme Oliveira"},"url":"https:\/\/eduqa.pt\/en\/author\/guilherme-oliveira\/"}]}},"_links":{"self":[{"href":"https:\/\/eduqa.pt\/en\/wp-json\/wp\/v2\/posts\/3738","targetHints":{"allow":["GET"]}}],"collection":[{"href":"https:\/\/eduqa.pt\/en\/wp-json\/wp\/v2\/posts"}],"about":[{"href":"https:\/\/eduqa.pt\/en\/wp-json\/wp\/v2\/types\/post"}],"author":[{"embeddable":true,"href":"https:\/\/eduqa.pt\/en\/wp-json\/wp\/v2\/users\/14"}],"replies":[{"embeddable":true,"href":"https:\/\/eduqa.pt\/en\/wp-json\/wp\/v2\/comments?post=3738"}],"version-history":[{"count":2,"href":"https:\/\/eduqa.pt\/en\/wp-json\/wp\/v2\/posts\/3738\/revisions"}],"predecessor-version":[{"id":3749,"href":"https:\/\/eduqa.pt\/en\/wp-json\/wp\/v2\/posts\/3738\/revisions\/3749"}],"wp:attachment":[{"href":"https:\/\/eduqa.pt\/en\/wp-json\/wp\/v2\/media?parent=3738"}],"wp:term":[{"taxonomy":"category","embeddable":true,"href":"https:\/\/eduqa.pt\/en\/wp-json\/wp\/v2\/categories?post=3738"},{"taxonomy":"post_tag","embeddable":true,"href":"https:\/\/eduqa.pt\/en\/wp-json\/wp\/v2\/tags?post=3738"}],"curies":[{"name":"wp","href":"https:\/\/api.w.org\/{rel}","templated":true}]}}