{"id":3708,"date":"2026-04-17T14:57:54","date_gmt":"2026-04-17T14:57:54","guid":{"rendered":"https:\/\/eduqa.pt\/?p=3708"},"modified":"2026-04-25T05:18:23","modified_gmt":"2026-04-25T05:18:23","slug":"cinco-coletaneas-de-tarefas-aplicadas-nas-turmas-piloto-nas-disciplinas-de-matematica-a-e-dos-cursos-profissionais-e-tres-brochuras-de-apoio","status":"publish","type":"post","link":"https:\/\/eduqa.pt\/en\/cinco-coletaneas-de-tarefas-aplicadas-nas-turmas-piloto-nas-disciplinas-de-matematica-a-e-dos-cursos-profissionais-e-tres-brochuras-de-apoio\/","title":{"rendered":"Five collections of tasks applied in pilot classes in the subjects of Mathematics A and Professional Courses, and three supporting brochures."},"content":{"rendered":"<p><img loading=\"lazy\" decoding=\"async\" class=\"alignnone size-medium wp-image-3800 aligncenter\" src=\"https:\/\/eduqa.pt\/wp-content\/uploads\/2026\/04\/AEM-701x394-1-300x169.jpg\" alt=\"\" width=\"300\" height=\"169\" srcset=\"https:\/\/eduqa.pt\/wp-content\/uploads\/2026\/04\/AEM-701x394-1-300x169.jpg 300w, https:\/\/eduqa.pt\/wp-content\/uploads\/2026\/04\/AEM-701x394-1-1024x576.jpg 1024w, https:\/\/eduqa.pt\/wp-content\/uploads\/2026\/04\/AEM-701x394-1-768x432.jpg 768w, https:\/\/eduqa.pt\/wp-content\/uploads\/2026\/04\/AEM-701x394-1-1536x863.jpg 1536w, https:\/\/eduqa.pt\/wp-content\/uploads\/2026\/04\/AEM-701x394-1-2048x1151.jpg 2048w, https:\/\/eduqa.pt\/wp-content\/uploads\/2026\/04\/AEM-701x394-1-18x10.jpg 18w\" sizes=\"auto, (max-width: 300px) 100vw, 300px\" \/><\/p>\n<p><strong>Five more sets of assignments are now available for classes that, in the 2024\/2025 school year, anticipated the application of the Essential Learning Objectives (ELO) in Mathematics A and Mathematics for Vocational Courses:<\/strong><\/p>\n<ul>\n<li>Complex Numbers \u2013 12th Grade in Mathematics A<\/li>\n<li>Probability \u2013 12th Grade in Mathematics A<\/li>\n<li>Exponential and Logarithmic Functions \u2013 12th Grade Mathematics A<\/li>\n<li>Project Work \u2013 11th Grade<\/li>\n<li>OP16 \u2013 Labor Mathematics - Professional Courses<\/li>\n<\/ul>\n<p>They are also available <strong>three brochures<\/strong> support:<\/p>\n<ul>\n<li>Matrices for Secondary Education<\/li>\n<li>Immediate Primitives and Definite Integrals<\/li>\n<li>Preparation items for the external Mathematics A assessment.<\/li>\n<\/ul>\n<p>You can find these and more resources by visiting the page. <a href=\"https:\/\/aem.dge.mec.pt\/pt\/recursos\/ensino-secundario\" target=\"_blank\" rel=\"noopener\">Essential Math Learnings<\/a>.<\/p>\n<p>To the <strong>Task Collections<\/strong>These materials, when tested in real-world classroom settings, can support teachers in selecting and planning tasks that facilitate the implementation of innovative curriculum ideas, promoting student engagement in meaningful mathematical activities and contributing to a comprehensive and up-to-date mathematical education.<\/p>\n<p>The Essential Learning Objectives for 12th Grade Mathematics A include three optional topics. In this context, the following are published... <strong>brochures Matrices for Secondary Education and Immediate Primitives and Definite Integrals<\/strong>. These publications do not replace other study or reference materials; however, they constitute quality resources that can support mathematics teachers in deepening their knowledge of the nature and objectives of curricula, as well as mathematical, pedagogical, and didactic aspects, including the design and development of projects.<\/p>\n<p>A <strong>brochure: Preparation Items for the External Assessment of Mathematics A<\/strong> This presents a selection of items used in the assessment of pilot classes in Mathematics A. These items fall within the typology defined by IAVE for the 2026 National Exams, focusing on the mathematical themes and content of the Mathematics A subject that will be assessed in the National Exam, which differ between the 2018 and 2023 assessments.<\/p>","protected":false},"excerpt":{"rendered":"<p>Encontram-se dispon\u00edveis mais cinco colet\u00e2neas de tarefas aplicadas nas turmas que, no ano letivo de 2024\/2025, anteciparam a aplica\u00e7\u00e3o das Aprendizagens Essenciais (AE) de Matem\u00e1tica A e de Matem\u00e1tica dos Cursos Profissionais: N\u00fameros Complexos &#8211; 12.\u00ba no Matem\u00e1tica A Probabilidade &#8211; 12.\u00ba no Matem\u00e1tica A Fun\u00e7\u00f5es Exponenciais e Logar\u00edtmicas &#8211; 12.\u00ba no Matem\u00e1tica A Trabalhos [&hellip;]<\/p>\n","protected":false},"author":14,"featured_media":0,"comment_status":"closed","ping_status":"open","sticky":false,"template":"","format":"standard","meta":{"_acf_changed":false,"footnotes":""},"categories":[13],"tags":[],"class_list":["post-3708","post","type-post","status-publish","format-standard","hentry","category-noticias"],"acf":[],"yoast_head":"<!-- This site is optimized with the Yoast SEO plugin v27.5 - https:\/\/yoast.com\/product\/yoast-seo-wordpress\/ -->\n<title>Cinco colet\u00e2neas de tarefas aplicadas nas turmas piloto nas disciplinas de Matem\u00e1tica A e dos Cursos Profissionais e tr\u00eas Brochuras de apoio - EduQA<\/title>\n<meta name=\"robots\" content=\"index, follow, max-snippet:-1, max-image-preview:large, max-video-preview:-1\" \/>\n<link rel=\"canonical\" href=\"https:\/\/eduqa.pt\/en\/cinco-coletaneas-de-tarefas-aplicadas-nas-turmas-piloto-nas-disciplinas-de-matematica-a-e-dos-cursos-profissionais-e-tres-brochuras-de-apoio\/\" \/>\n<meta property=\"og:locale\" content=\"en_GB\" \/>\n<meta property=\"og:type\" content=\"article\" \/>\n<meta property=\"og:title\" content=\"Cinco colet\u00e2neas de tarefas aplicadas nas turmas piloto nas disciplinas de Matem\u00e1tica A e dos Cursos Profissionais e tr\u00eas Brochuras de apoio - EduQA\" \/>\n<meta property=\"og:description\" content=\"Encontram-se dispon\u00edveis mais cinco colet\u00e2neas de tarefas aplicadas nas turmas que, no ano letivo de 2024\/2025, anteciparam a aplica\u00e7\u00e3o das Aprendizagens Essenciais (AE) de Matem\u00e1tica A e de Matem\u00e1tica dos Cursos Profissionais: N\u00fameros Complexos &#8211; 12.\u00ba no Matem\u00e1tica A Probabilidade &#8211; 12.\u00ba no Matem\u00e1tica A Fun\u00e7\u00f5es Exponenciais e Logar\u00edtmicas &#8211; 12.\u00ba no Matem\u00e1tica A Trabalhos [&hellip;]\" \/>\n<meta property=\"og:url\" content=\"https:\/\/eduqa.pt\/en\/cinco-coletaneas-de-tarefas-aplicadas-nas-turmas-piloto-nas-disciplinas-de-matematica-a-e-dos-cursos-profissionais-e-tres-brochuras-de-apoio\/\" \/>\n<meta property=\"og:site_name\" content=\"EduQA\" \/>\n<meta property=\"article:published_time\" content=\"2026-04-17T14:57:54+00:00\" \/>\n<meta property=\"article:modified_time\" content=\"2026-04-25T05:18:23+00:00\" \/>\n<meta property=\"og:image\" content=\"https:\/\/eduqa.pt\/wp-content\/uploads\/2026\/04\/AEM-701x394-1-scaled.jpg\" \/>\n\t<meta property=\"og:image:width\" content=\"2560\" \/>\n\t<meta property=\"og:image:height\" content=\"1439\" \/>\n\t<meta property=\"og:image:type\" content=\"image\/jpeg\" \/>\n<meta name=\"author\" content=\"Guilherme Oliveira\" \/>\n<meta name=\"twitter:card\" content=\"summary_large_image\" \/>\n<meta name=\"twitter:label1\" content=\"Written by\" \/>\n\t<meta name=\"twitter:data1\" content=\"Guilherme Oliveira\" \/>\n\t<meta name=\"twitter:label2\" content=\"Est. reading time\" \/>\n\t<meta name=\"twitter:data2\" content=\"2 minutes\" \/>\n<script type=\"application\/ld+json\" class=\"yoast-schema-graph\">{\"@context\":\"https:\\\/\\\/schema.org\",\"@graph\":[{\"@type\":\"Article\",\"@id\":\"https:\\\/\\\/eduqa.pt\\\/cinco-coletaneas-de-tarefas-aplicadas-nas-turmas-piloto-nas-disciplinas-de-matematica-a-e-dos-cursos-profissionais-e-tres-brochuras-de-apoio\\\/#article\",\"isPartOf\":{\"@id\":\"https:\\\/\\\/eduqa.pt\\\/cinco-coletaneas-de-tarefas-aplicadas-nas-turmas-piloto-nas-disciplinas-de-matematica-a-e-dos-cursos-profissionais-e-tres-brochuras-de-apoio\\\/\"},\"author\":{\"name\":\"Guilherme Oliveira\",\"@id\":\"https:\\\/\\\/dev.eduqa.pt\\\/#\\\/schema\\\/person\\\/73bef2a205d69b0b0599374645278fca\"},\"headline\":\"Cinco colet\u00e2neas de tarefas aplicadas nas turmas piloto nas disciplinas de Matem\u00e1tica A e dos Cursos Profissionais e tr\u00eas Brochuras de apoio\",\"datePublished\":\"2026-04-17T14:57:54+00:00\",\"dateModified\":\"2026-04-25T05:18:23+00:00\",\"mainEntityOfPage\":{\"@id\":\"https:\\\/\\\/eduqa.pt\\\/cinco-coletaneas-de-tarefas-aplicadas-nas-turmas-piloto-nas-disciplinas-de-matematica-a-e-dos-cursos-profissionais-e-tres-brochuras-de-apoio\\\/\"},\"wordCount\":376,\"image\":{\"@id\":\"https:\\\/\\\/eduqa.pt\\\/cinco-coletaneas-de-tarefas-aplicadas-nas-turmas-piloto-nas-disciplinas-de-matematica-a-e-dos-cursos-profissionais-e-tres-brochuras-de-apoio\\\/#primaryimage\"},\"thumbnailUrl\":\"https:\\\/\\\/eduqa.pt\\\/wp-content\\\/uploads\\\/2026\\\/04\\\/AEM-701x394-1-300x169.jpg\",\"articleSection\":[\"Not\u00edcias EduQA\"],\"inLanguage\":\"en-GB\"},{\"@type\":\"WebPage\",\"@id\":\"https:\\\/\\\/eduqa.pt\\\/cinco-coletaneas-de-tarefas-aplicadas-nas-turmas-piloto-nas-disciplinas-de-matematica-a-e-dos-cursos-profissionais-e-tres-brochuras-de-apoio\\\/\",\"url\":\"https:\\\/\\\/eduqa.pt\\\/cinco-coletaneas-de-tarefas-aplicadas-nas-turmas-piloto-nas-disciplinas-de-matematica-a-e-dos-cursos-profissionais-e-tres-brochuras-de-apoio\\\/\",\"name\":\"Cinco colet\u00e2neas de tarefas aplicadas nas turmas piloto nas disciplinas de Matem\u00e1tica A e dos Cursos Profissionais e tr\u00eas Brochuras de apoio - EduQA\",\"isPartOf\":{\"@id\":\"https:\\\/\\\/dev.eduqa.pt\\\/#website\"},\"primaryImageOfPage\":{\"@id\":\"https:\\\/\\\/eduqa.pt\\\/cinco-coletaneas-de-tarefas-aplicadas-nas-turmas-piloto-nas-disciplinas-de-matematica-a-e-dos-cursos-profissionais-e-tres-brochuras-de-apoio\\\/#primaryimage\"},\"image\":{\"@id\":\"https:\\\/\\\/eduqa.pt\\\/cinco-coletaneas-de-tarefas-aplicadas-nas-turmas-piloto-nas-disciplinas-de-matematica-a-e-dos-cursos-profissionais-e-tres-brochuras-de-apoio\\\/#primaryimage\"},\"thumbnailUrl\":\"https:\\\/\\\/eduqa.pt\\\/wp-content\\\/uploads\\\/2026\\\/04\\\/AEM-701x394-1-300x169.jpg\",\"datePublished\":\"2026-04-17T14:57:54+00:00\",\"dateModified\":\"2026-04-25T05:18:23+00:00\",\"author\":{\"@id\":\"https:\\\/\\\/dev.eduqa.pt\\\/#\\\/schema\\\/person\\\/73bef2a205d69b0b0599374645278fca\"},\"breadcrumb\":{\"@id\":\"https:\\\/\\\/eduqa.pt\\\/cinco-coletaneas-de-tarefas-aplicadas-nas-turmas-piloto-nas-disciplinas-de-matematica-a-e-dos-cursos-profissionais-e-tres-brochuras-de-apoio\\\/#breadcrumb\"},\"inLanguage\":\"en-GB\",\"potentialAction\":[{\"@type\":\"ReadAction\",\"target\":[\"https:\\\/\\\/eduqa.pt\\\/cinco-coletaneas-de-tarefas-aplicadas-nas-turmas-piloto-nas-disciplinas-de-matematica-a-e-dos-cursos-profissionais-e-tres-brochuras-de-apoio\\\/\"]}]},{\"@type\":\"ImageObject\",\"inLanguage\":\"en-GB\",\"@id\":\"https:\\\/\\\/eduqa.pt\\\/cinco-coletaneas-de-tarefas-aplicadas-nas-turmas-piloto-nas-disciplinas-de-matematica-a-e-dos-cursos-profissionais-e-tres-brochuras-de-apoio\\\/#primaryimage\",\"url\":\"https:\\\/\\\/eduqa.pt\\\/wp-content\\\/uploads\\\/2026\\\/04\\\/AEM-701x394-1-300x169.jpg\",\"contentUrl\":\"https:\\\/\\\/eduqa.pt\\\/wp-content\\\/uploads\\\/2026\\\/04\\\/AEM-701x394-1-300x169.jpg\"},{\"@type\":\"BreadcrumbList\",\"@id\":\"https:\\\/\\\/eduqa.pt\\\/cinco-coletaneas-de-tarefas-aplicadas-nas-turmas-piloto-nas-disciplinas-de-matematica-a-e-dos-cursos-profissionais-e-tres-brochuras-de-apoio\\\/#breadcrumb\",\"itemListElement\":[{\"@type\":\"ListItem\",\"position\":1,\"name\":\"Home\",\"item\":\"https:\\\/\\\/eduqa.pt\\\/\"},{\"@type\":\"ListItem\",\"position\":2,\"name\":\"Cinco colet\u00e2neas de tarefas aplicadas nas turmas piloto nas disciplinas de Matem\u00e1tica A e dos Cursos Profissionais e tr\u00eas Brochuras de apoio\"}]},{\"@type\":\"WebSite\",\"@id\":\"https:\\\/\\\/dev.eduqa.pt\\\/#website\",\"url\":\"https:\\\/\\\/dev.eduqa.pt\\\/\",\"name\":\"EduQA\",\"description\":\"Instituto de Educa\u00e7\u00e3o, Qualidade e Avalia\u00e7\u00e3o\",\"potentialAction\":[{\"@type\":\"SearchAction\",\"target\":{\"@type\":\"EntryPoint\",\"urlTemplate\":\"https:\\\/\\\/dev.eduqa.pt\\\/?s={search_term_string}\"},\"query-input\":{\"@type\":\"PropertyValueSpecification\",\"valueRequired\":true,\"valueName\":\"search_term_string\"}}],\"inLanguage\":\"en-GB\"},{\"@type\":\"Person\",\"@id\":\"https:\\\/\\\/dev.eduqa.pt\\\/#\\\/schema\\\/person\\\/73bef2a205d69b0b0599374645278fca\",\"name\":\"Guilherme Oliveira\",\"image\":{\"@type\":\"ImageObject\",\"inLanguage\":\"en-GB\",\"@id\":\"https:\\\/\\\/secure.gravatar.com\\\/avatar\\\/4242e67b46945e41499c7564c9ad9844b6eecbcdfea0968a209ef03067e0aed4?s=96&d=mm&r=g\",\"url\":\"https:\\\/\\\/secure.gravatar.com\\\/avatar\\\/4242e67b46945e41499c7564c9ad9844b6eecbcdfea0968a209ef03067e0aed4?s=96&d=mm&r=g\",\"contentUrl\":\"https:\\\/\\\/secure.gravatar.com\\\/avatar\\\/4242e67b46945e41499c7564c9ad9844b6eecbcdfea0968a209ef03067e0aed4?s=96&d=mm&r=g\",\"caption\":\"Guilherme Oliveira\"},\"url\":\"https:\\\/\\\/eduqa.pt\\\/en\\\/author\\\/guilherme-oliveira\\\/\"}]}<\/script>\n<!-- \/ Yoast SEO plugin. -->","yoast_head_json":{"title":"Cinco colet\u00e2neas de tarefas aplicadas nas turmas piloto nas disciplinas de Matem\u00e1tica A e dos Cursos Profissionais e tr\u00eas Brochuras de apoio - EduQA","robots":{"index":"index","follow":"follow","max-snippet":"max-snippet:-1","max-image-preview":"max-image-preview:large","max-video-preview":"max-video-preview:-1"},"canonical":"https:\/\/eduqa.pt\/en\/cinco-coletaneas-de-tarefas-aplicadas-nas-turmas-piloto-nas-disciplinas-de-matematica-a-e-dos-cursos-profissionais-e-tres-brochuras-de-apoio\/","og_locale":"en_GB","og_type":"article","og_title":"Cinco colet\u00e2neas de tarefas aplicadas nas turmas piloto nas disciplinas de Matem\u00e1tica A e dos Cursos Profissionais e tr\u00eas Brochuras de apoio - EduQA","og_description":"Encontram-se dispon\u00edveis mais cinco colet\u00e2neas de tarefas aplicadas nas turmas que, no ano letivo de 2024\/2025, anteciparam a aplica\u00e7\u00e3o das Aprendizagens Essenciais (AE) de Matem\u00e1tica A e de Matem\u00e1tica dos Cursos Profissionais: N\u00fameros Complexos &#8211; 12.\u00ba no Matem\u00e1tica A Probabilidade &#8211; 12.\u00ba no Matem\u00e1tica A Fun\u00e7\u00f5es Exponenciais e Logar\u00edtmicas &#8211; 12.\u00ba no Matem\u00e1tica A Trabalhos [&hellip;]","og_url":"https:\/\/eduqa.pt\/en\/cinco-coletaneas-de-tarefas-aplicadas-nas-turmas-piloto-nas-disciplinas-de-matematica-a-e-dos-cursos-profissionais-e-tres-brochuras-de-apoio\/","og_site_name":"EduQA","article_published_time":"2026-04-17T14:57:54+00:00","article_modified_time":"2026-04-25T05:18:23+00:00","og_image":[{"width":2560,"height":1439,"url":"https:\/\/eduqa.pt\/wp-content\/uploads\/2026\/04\/AEM-701x394-1-scaled.jpg","type":"image\/jpeg"}],"author":"Guilherme Oliveira","twitter_card":"summary_large_image","twitter_misc":{"Written by":"Guilherme Oliveira","Est. reading time":"2 minutes"},"schema":{"@context":"https:\/\/schema.org","@graph":[{"@type":"Article","@id":"https:\/\/eduqa.pt\/cinco-coletaneas-de-tarefas-aplicadas-nas-turmas-piloto-nas-disciplinas-de-matematica-a-e-dos-cursos-profissionais-e-tres-brochuras-de-apoio\/#article","isPartOf":{"@id":"https:\/\/eduqa.pt\/cinco-coletaneas-de-tarefas-aplicadas-nas-turmas-piloto-nas-disciplinas-de-matematica-a-e-dos-cursos-profissionais-e-tres-brochuras-de-apoio\/"},"author":{"name":"Guilherme Oliveira","@id":"https:\/\/dev.eduqa.pt\/#\/schema\/person\/73bef2a205d69b0b0599374645278fca"},"headline":"Cinco colet\u00e2neas de tarefas aplicadas nas turmas piloto nas disciplinas de Matem\u00e1tica A e dos Cursos Profissionais e tr\u00eas Brochuras de apoio","datePublished":"2026-04-17T14:57:54+00:00","dateModified":"2026-04-25T05:18:23+00:00","mainEntityOfPage":{"@id":"https:\/\/eduqa.pt\/cinco-coletaneas-de-tarefas-aplicadas-nas-turmas-piloto-nas-disciplinas-de-matematica-a-e-dos-cursos-profissionais-e-tres-brochuras-de-apoio\/"},"wordCount":376,"image":{"@id":"https:\/\/eduqa.pt\/cinco-coletaneas-de-tarefas-aplicadas-nas-turmas-piloto-nas-disciplinas-de-matematica-a-e-dos-cursos-profissionais-e-tres-brochuras-de-apoio\/#primaryimage"},"thumbnailUrl":"https:\/\/eduqa.pt\/wp-content\/uploads\/2026\/04\/AEM-701x394-1-300x169.jpg","articleSection":["Not\u00edcias EduQA"],"inLanguage":"en-GB"},{"@type":"WebPage","@id":"https:\/\/eduqa.pt\/cinco-coletaneas-de-tarefas-aplicadas-nas-turmas-piloto-nas-disciplinas-de-matematica-a-e-dos-cursos-profissionais-e-tres-brochuras-de-apoio\/","url":"https:\/\/eduqa.pt\/cinco-coletaneas-de-tarefas-aplicadas-nas-turmas-piloto-nas-disciplinas-de-matematica-a-e-dos-cursos-profissionais-e-tres-brochuras-de-apoio\/","name":"Cinco colet\u00e2neas de tarefas aplicadas nas turmas piloto nas disciplinas de Matem\u00e1tica A e dos Cursos Profissionais e tr\u00eas Brochuras de apoio - EduQA","isPartOf":{"@id":"https:\/\/dev.eduqa.pt\/#website"},"primaryImageOfPage":{"@id":"https:\/\/eduqa.pt\/cinco-coletaneas-de-tarefas-aplicadas-nas-turmas-piloto-nas-disciplinas-de-matematica-a-e-dos-cursos-profissionais-e-tres-brochuras-de-apoio\/#primaryimage"},"image":{"@id":"https:\/\/eduqa.pt\/cinco-coletaneas-de-tarefas-aplicadas-nas-turmas-piloto-nas-disciplinas-de-matematica-a-e-dos-cursos-profissionais-e-tres-brochuras-de-apoio\/#primaryimage"},"thumbnailUrl":"https:\/\/eduqa.pt\/wp-content\/uploads\/2026\/04\/AEM-701x394-1-300x169.jpg","datePublished":"2026-04-17T14:57:54+00:00","dateModified":"2026-04-25T05:18:23+00:00","author":{"@id":"https:\/\/dev.eduqa.pt\/#\/schema\/person\/73bef2a205d69b0b0599374645278fca"},"breadcrumb":{"@id":"https:\/\/eduqa.pt\/cinco-coletaneas-de-tarefas-aplicadas-nas-turmas-piloto-nas-disciplinas-de-matematica-a-e-dos-cursos-profissionais-e-tres-brochuras-de-apoio\/#breadcrumb"},"inLanguage":"en-GB","potentialAction":[{"@type":"ReadAction","target":["https:\/\/eduqa.pt\/cinco-coletaneas-de-tarefas-aplicadas-nas-turmas-piloto-nas-disciplinas-de-matematica-a-e-dos-cursos-profissionais-e-tres-brochuras-de-apoio\/"]}]},{"@type":"ImageObject","inLanguage":"en-GB","@id":"https:\/\/eduqa.pt\/cinco-coletaneas-de-tarefas-aplicadas-nas-turmas-piloto-nas-disciplinas-de-matematica-a-e-dos-cursos-profissionais-e-tres-brochuras-de-apoio\/#primaryimage","url":"https:\/\/eduqa.pt\/wp-content\/uploads\/2026\/04\/AEM-701x394-1-300x169.jpg","contentUrl":"https:\/\/eduqa.pt\/wp-content\/uploads\/2026\/04\/AEM-701x394-1-300x169.jpg"},{"@type":"BreadcrumbList","@id":"https:\/\/eduqa.pt\/cinco-coletaneas-de-tarefas-aplicadas-nas-turmas-piloto-nas-disciplinas-de-matematica-a-e-dos-cursos-profissionais-e-tres-brochuras-de-apoio\/#breadcrumb","itemListElement":[{"@type":"ListItem","position":1,"name":"Home","item":"https:\/\/eduqa.pt\/"},{"@type":"ListItem","position":2,"name":"Cinco colet\u00e2neas de tarefas aplicadas nas turmas piloto nas disciplinas de Matem\u00e1tica A e dos Cursos Profissionais e tr\u00eas Brochuras de apoio"}]},{"@type":"WebSite","@id":"https:\/\/dev.eduqa.pt\/#website","url":"https:\/\/dev.eduqa.pt\/","name":"EduQA","description":"Institute of Education, Quality and Evaluation","potentialAction":[{"@type":"SearchAction","target":{"@type":"EntryPoint","urlTemplate":"https:\/\/dev.eduqa.pt\/?s={search_term_string}"},"query-input":{"@type":"PropertyValueSpecification","valueRequired":true,"valueName":"search_term_string"}}],"inLanguage":"en-GB"},{"@type":"Person","@id":"https:\/\/dev.eduqa.pt\/#\/schema\/person\/73bef2a205d69b0b0599374645278fca","name":"Guilherme Oliveira","image":{"@type":"ImageObject","inLanguage":"en-GB","@id":"https:\/\/secure.gravatar.com\/avatar\/4242e67b46945e41499c7564c9ad9844b6eecbcdfea0968a209ef03067e0aed4?s=96&d=mm&r=g","url":"https:\/\/secure.gravatar.com\/avatar\/4242e67b46945e41499c7564c9ad9844b6eecbcdfea0968a209ef03067e0aed4?s=96&d=mm&r=g","contentUrl":"https:\/\/secure.gravatar.com\/avatar\/4242e67b46945e41499c7564c9ad9844b6eecbcdfea0968a209ef03067e0aed4?s=96&d=mm&r=g","caption":"Guilherme Oliveira"},"url":"https:\/\/eduqa.pt\/en\/author\/guilherme-oliveira\/"}]}},"_links":{"self":[{"href":"https:\/\/eduqa.pt\/en\/wp-json\/wp\/v2\/posts\/3708","targetHints":{"allow":["GET"]}}],"collection":[{"href":"https:\/\/eduqa.pt\/en\/wp-json\/wp\/v2\/posts"}],"about":[{"href":"https:\/\/eduqa.pt\/en\/wp-json\/wp\/v2\/types\/post"}],"author":[{"embeddable":true,"href":"https:\/\/eduqa.pt\/en\/wp-json\/wp\/v2\/users\/14"}],"replies":[{"embeddable":true,"href":"https:\/\/eduqa.pt\/en\/wp-json\/wp\/v2\/comments?post=3708"}],"version-history":[{"count":8,"href":"https:\/\/eduqa.pt\/en\/wp-json\/wp\/v2\/posts\/3708\/revisions"}],"predecessor-version":[{"id":3803,"href":"https:\/\/eduqa.pt\/en\/wp-json\/wp\/v2\/posts\/3708\/revisions\/3803"}],"wp:attachment":[{"href":"https:\/\/eduqa.pt\/en\/wp-json\/wp\/v2\/media?parent=3708"}],"wp:term":[{"taxonomy":"category","embeddable":true,"href":"https:\/\/eduqa.pt\/en\/wp-json\/wp\/v2\/categories?post=3708"},{"taxonomy":"post_tag","embeddable":true,"href":"https:\/\/eduqa.pt\/en\/wp-json\/wp\/v2\/tags?post=3708"}],"curies":[{"name":"wp","href":"https:\/\/api.w.org\/{rel}","templated":true}]}}