{"id":3685,"date":"2026-04-17T11:22:44","date_gmt":"2026-04-17T11:22:44","guid":{"rendered":"https:\/\/eduqa.pt\/?p=3685"},"modified":"2026-04-17T13:37:36","modified_gmt":"2026-04-17T13:37:36","slug":"acreditacao-renovacao-da-acreditacao-de-entidades-para-avaliacao-e-certificacao-de-manuais-escolares","status":"publish","type":"post","link":"https:\/\/eduqa.pt\/en\/acreditacao-renovacao-da-acreditacao-de-entidades-para-avaliacao-e-certificacao-de-manuais-escolares\/","title":{"rendered":"Accreditation\/Renewal of accreditation of entities for the evaluation and certification of school textbooks."},"content":{"rendered":"<p><strong>The application period for accreditation\/renewal of accreditation of entities for the evaluation and certification of school textbooks, by public or private entities, runs from April 20 to May 8, 2026, inclusive.<\/strong><\/p>\n<p>This procedure is carried out in accordance with paragraph 7 of Article 9 of Law No. 47\/2006, of August 28, and Articles 4 to 8 of Decree-Law No. 5\/2014, of January 14, as currently amended.<\/p>\n<p><a href=\"https:\/\/eduqa.pt\/en\/enquadramento-do-procedimento-de-acreditacao-de-entidades-para-avaliacao-e-certificacao-de-manuais-escolares\/\" target=\"_blank\" rel=\"noopener\">Framework of the accreditation procedure<\/a><\/p>\n<p><a href=\"https:\/\/eduqa.pt\/en\/acreditacao-renovacao-da-acreditacao-de-entidades-para-avaliacao-e-certificacao-de-manuais-escolares-19-a-candidatura\/\" target=\"_blank\" rel=\"noopener\">19th Application<\/a><\/p>\n<p><a href=\"https:\/\/www.dge.mec.pt\/acreditacao-de-entidades\" target=\"_blank\" rel=\"noopener\">Previous applications<\/a><\/p>","protected":false},"excerpt":{"rendered":"<p>O prazo das candidaturas para acredita\u00e7\u00e3o\/renova\u00e7\u00e3o da acredita\u00e7\u00e3o de entidades para avalia\u00e7\u00e3o e certifica\u00e7\u00e3o de manuais escolares, por parte de entidades p\u00fablicas ou privadas, decorre de 20 de abril a 8 de maio de 2026, inclusive. Este procedimento decorre nos termos do n.\u00ba 7 do artigo 9.\u00ba da Lei n.\u00ba 47\/2006, de 28 de agosto [&hellip;]<\/p>\n","protected":false},"author":14,"featured_media":3675,"comment_status":"closed","ping_status":"open","sticky":false,"template":"","format":"standard","meta":{"_acf_changed":false,"footnotes":""},"categories":[13],"tags":[],"class_list":["post-3685","post","type-post","status-publish","format-standard","has-post-thumbnail","hentry","category-noticias"],"acf":[],"yoast_head":"<!-- This site is optimized with the Yoast SEO plugin v27.5 - https:\/\/yoast.com\/product\/yoast-seo-wordpress\/ -->\n<title>Acredita\u00e7\u00e3o\/Renova\u00e7\u00e3o da acredita\u00e7\u00e3o de entidades para avalia\u00e7\u00e3o e certifica\u00e7\u00e3o de manuais escolares - EduQA<\/title>\n<meta name=\"robots\" content=\"index, follow, max-snippet:-1, max-image-preview:large, max-video-preview:-1\" \/>\n<link rel=\"canonical\" href=\"https:\/\/eduqa.pt\/en\/acreditacao-renovacao-da-acreditacao-de-entidades-para-avaliacao-e-certificacao-de-manuais-escolares\/\" \/>\n<meta property=\"og:locale\" content=\"en_GB\" \/>\n<meta property=\"og:type\" content=\"article\" \/>\n<meta property=\"og:title\" content=\"Acredita\u00e7\u00e3o\/Renova\u00e7\u00e3o da acredita\u00e7\u00e3o de entidades para avalia\u00e7\u00e3o e certifica\u00e7\u00e3o de manuais escolares - EduQA\" \/>\n<meta property=\"og:description\" content=\"O prazo das candidaturas para acredita\u00e7\u00e3o\/renova\u00e7\u00e3o da acredita\u00e7\u00e3o de entidades para avalia\u00e7\u00e3o e certifica\u00e7\u00e3o de manuais escolares, por parte de entidades p\u00fablicas ou privadas, decorre de 20 de abril a 8 de maio de 2026, inclusive. Este procedimento decorre nos termos do n.\u00ba 7 do artigo 9.\u00ba da Lei n.\u00ba 47\/2006, de 28 de agosto [&hellip;]\" \/>\n<meta property=\"og:url\" content=\"https:\/\/eduqa.pt\/en\/acreditacao-renovacao-da-acreditacao-de-entidades-para-avaliacao-e-certificacao-de-manuais-escolares\/\" \/>\n<meta property=\"og:site_name\" content=\"EduQA\" \/>\n<meta property=\"article:published_time\" content=\"2026-04-17T11:22:44+00:00\" \/>\n<meta property=\"article:modified_time\" content=\"2026-04-17T13:37:36+00:00\" \/>\n<meta property=\"og:image\" content=\"https:\/\/eduqa.pt\/wp-content\/uploads\/2026\/04\/AcreditacaodeEntidades-scaled.png\" \/>\n\t<meta property=\"og:image:width\" content=\"2560\" \/>\n\t<meta property=\"og:image:height\" content=\"1439\" \/>\n\t<meta property=\"og:image:type\" content=\"image\/png\" \/>\n<meta name=\"author\" content=\"Guilherme Oliveira\" \/>\n<meta name=\"twitter:card\" content=\"summary_large_image\" \/>\n<meta name=\"twitter:label1\" content=\"Written by\" \/>\n\t<meta name=\"twitter:data1\" content=\"Guilherme Oliveira\" \/>\n\t<meta name=\"twitter:label2\" content=\"Est. reading time\" \/>\n\t<meta name=\"twitter:data2\" content=\"1 minute\" \/>\n<script type=\"application\/ld+json\" class=\"yoast-schema-graph\">{\"@context\":\"https:\\\/\\\/schema.org\",\"@graph\":[{\"@type\":\"Article\",\"@id\":\"https:\\\/\\\/eduqa.pt\\\/acreditacao-renovacao-da-acreditacao-de-entidades-para-avaliacao-e-certificacao-de-manuais-escolares\\\/#article\",\"isPartOf\":{\"@id\":\"https:\\\/\\\/eduqa.pt\\\/acreditacao-renovacao-da-acreditacao-de-entidades-para-avaliacao-e-certificacao-de-manuais-escolares\\\/\"},\"author\":{\"name\":\"Guilherme Oliveira\",\"@id\":\"https:\\\/\\\/dev.eduqa.pt\\\/#\\\/schema\\\/person\\\/73bef2a205d69b0b0599374645278fca\"},\"headline\":\"Acredita\u00e7\u00e3o\\\/Renova\u00e7\u00e3o da acredita\u00e7\u00e3o de entidades para avalia\u00e7\u00e3o e certifica\u00e7\u00e3o de manuais escolares\",\"datePublished\":\"2026-04-17T11:22:44+00:00\",\"dateModified\":\"2026-04-17T13:37:36+00:00\",\"mainEntityOfPage\":{\"@id\":\"https:\\\/\\\/eduqa.pt\\\/acreditacao-renovacao-da-acreditacao-de-entidades-para-avaliacao-e-certificacao-de-manuais-escolares\\\/\"},\"wordCount\":97,\"image\":{\"@id\":\"https:\\\/\\\/eduqa.pt\\\/acreditacao-renovacao-da-acreditacao-de-entidades-para-avaliacao-e-certificacao-de-manuais-escolares\\\/#primaryimage\"},\"thumbnailUrl\":\"https:\\\/\\\/eduqa.pt\\\/wp-content\\\/uploads\\\/2026\\\/04\\\/AcreditacaodeEntidades-scaled.png\",\"articleSection\":[\"Not\u00edcias EduQA\"],\"inLanguage\":\"en-GB\"},{\"@type\":\"WebPage\",\"@id\":\"https:\\\/\\\/eduqa.pt\\\/acreditacao-renovacao-da-acreditacao-de-entidades-para-avaliacao-e-certificacao-de-manuais-escolares\\\/\",\"url\":\"https:\\\/\\\/eduqa.pt\\\/acreditacao-renovacao-da-acreditacao-de-entidades-para-avaliacao-e-certificacao-de-manuais-escolares\\\/\",\"name\":\"Acredita\u00e7\u00e3o\\\/Renova\u00e7\u00e3o da acredita\u00e7\u00e3o de entidades para avalia\u00e7\u00e3o e certifica\u00e7\u00e3o de manuais escolares - EduQA\",\"isPartOf\":{\"@id\":\"https:\\\/\\\/dev.eduqa.pt\\\/#website\"},\"primaryImageOfPage\":{\"@id\":\"https:\\\/\\\/eduqa.pt\\\/acreditacao-renovacao-da-acreditacao-de-entidades-para-avaliacao-e-certificacao-de-manuais-escolares\\\/#primaryimage\"},\"image\":{\"@id\":\"https:\\\/\\\/eduqa.pt\\\/acreditacao-renovacao-da-acreditacao-de-entidades-para-avaliacao-e-certificacao-de-manuais-escolares\\\/#primaryimage\"},\"thumbnailUrl\":\"https:\\\/\\\/eduqa.pt\\\/wp-content\\\/uploads\\\/2026\\\/04\\\/AcreditacaodeEntidades-scaled.png\",\"datePublished\":\"2026-04-17T11:22:44+00:00\",\"dateModified\":\"2026-04-17T13:37:36+00:00\",\"author\":{\"@id\":\"https:\\\/\\\/dev.eduqa.pt\\\/#\\\/schema\\\/person\\\/73bef2a205d69b0b0599374645278fca\"},\"breadcrumb\":{\"@id\":\"https:\\\/\\\/eduqa.pt\\\/acreditacao-renovacao-da-acreditacao-de-entidades-para-avaliacao-e-certificacao-de-manuais-escolares\\\/#breadcrumb\"},\"inLanguage\":\"en-GB\",\"potentialAction\":[{\"@type\":\"ReadAction\",\"target\":[\"https:\\\/\\\/eduqa.pt\\\/acreditacao-renovacao-da-acreditacao-de-entidades-para-avaliacao-e-certificacao-de-manuais-escolares\\\/\"]}]},{\"@type\":\"ImageObject\",\"inLanguage\":\"en-GB\",\"@id\":\"https:\\\/\\\/eduqa.pt\\\/acreditacao-renovacao-da-acreditacao-de-entidades-para-avaliacao-e-certificacao-de-manuais-escolares\\\/#primaryimage\",\"url\":\"https:\\\/\\\/eduqa.pt\\\/wp-content\\\/uploads\\\/2026\\\/04\\\/AcreditacaodeEntidades-scaled.png\",\"contentUrl\":\"https:\\\/\\\/eduqa.pt\\\/wp-content\\\/uploads\\\/2026\\\/04\\\/AcreditacaodeEntidades-scaled.png\",\"width\":2560,\"height\":1439},{\"@type\":\"BreadcrumbList\",\"@id\":\"https:\\\/\\\/eduqa.pt\\\/acreditacao-renovacao-da-acreditacao-de-entidades-para-avaliacao-e-certificacao-de-manuais-escolares\\\/#breadcrumb\",\"itemListElement\":[{\"@type\":\"ListItem\",\"position\":1,\"name\":\"Home\",\"item\":\"https:\\\/\\\/eduqa.pt\\\/\"},{\"@type\":\"ListItem\",\"position\":2,\"name\":\"Acredita\u00e7\u00e3o\\\/Renova\u00e7\u00e3o da acredita\u00e7\u00e3o de entidades para avalia\u00e7\u00e3o e certifica\u00e7\u00e3o de manuais escolares\"}]},{\"@type\":\"WebSite\",\"@id\":\"https:\\\/\\\/dev.eduqa.pt\\\/#website\",\"url\":\"https:\\\/\\\/dev.eduqa.pt\\\/\",\"name\":\"EduQA\",\"description\":\"Instituto de Educa\u00e7\u00e3o, Qualidade e Avalia\u00e7\u00e3o\",\"potentialAction\":[{\"@type\":\"SearchAction\",\"target\":{\"@type\":\"EntryPoint\",\"urlTemplate\":\"https:\\\/\\\/dev.eduqa.pt\\\/?s={search_term_string}\"},\"query-input\":{\"@type\":\"PropertyValueSpecification\",\"valueRequired\":true,\"valueName\":\"search_term_string\"}}],\"inLanguage\":\"en-GB\"},{\"@type\":\"Person\",\"@id\":\"https:\\\/\\\/dev.eduqa.pt\\\/#\\\/schema\\\/person\\\/73bef2a205d69b0b0599374645278fca\",\"name\":\"Guilherme Oliveira\",\"image\":{\"@type\":\"ImageObject\",\"inLanguage\":\"en-GB\",\"@id\":\"https:\\\/\\\/secure.gravatar.com\\\/avatar\\\/4242e67b46945e41499c7564c9ad9844b6eecbcdfea0968a209ef03067e0aed4?s=96&d=mm&r=g\",\"url\":\"https:\\\/\\\/secure.gravatar.com\\\/avatar\\\/4242e67b46945e41499c7564c9ad9844b6eecbcdfea0968a209ef03067e0aed4?s=96&d=mm&r=g\",\"contentUrl\":\"https:\\\/\\\/secure.gravatar.com\\\/avatar\\\/4242e67b46945e41499c7564c9ad9844b6eecbcdfea0968a209ef03067e0aed4?s=96&d=mm&r=g\",\"caption\":\"Guilherme Oliveira\"},\"url\":\"https:\\\/\\\/eduqa.pt\\\/en\\\/author\\\/guilherme-oliveira\\\/\"}]}<\/script>\n<!-- \/ Yoast SEO plugin. -->","yoast_head_json":{"title":"Acredita\u00e7\u00e3o\/Renova\u00e7\u00e3o da acredita\u00e7\u00e3o de entidades para avalia\u00e7\u00e3o e certifica\u00e7\u00e3o de manuais escolares - EduQA","robots":{"index":"index","follow":"follow","max-snippet":"max-snippet:-1","max-image-preview":"max-image-preview:large","max-video-preview":"max-video-preview:-1"},"canonical":"https:\/\/eduqa.pt\/en\/acreditacao-renovacao-da-acreditacao-de-entidades-para-avaliacao-e-certificacao-de-manuais-escolares\/","og_locale":"en_GB","og_type":"article","og_title":"Acredita\u00e7\u00e3o\/Renova\u00e7\u00e3o da acredita\u00e7\u00e3o de entidades para avalia\u00e7\u00e3o e certifica\u00e7\u00e3o de manuais escolares - EduQA","og_description":"O prazo das candidaturas para acredita\u00e7\u00e3o\/renova\u00e7\u00e3o da acredita\u00e7\u00e3o de entidades para avalia\u00e7\u00e3o e certifica\u00e7\u00e3o de manuais escolares, por parte de entidades p\u00fablicas ou privadas, decorre de 20 de abril a 8 de maio de 2026, inclusive. Este procedimento decorre nos termos do n.\u00ba 7 do artigo 9.\u00ba da Lei n.\u00ba 47\/2006, de 28 de agosto [&hellip;]","og_url":"https:\/\/eduqa.pt\/en\/acreditacao-renovacao-da-acreditacao-de-entidades-para-avaliacao-e-certificacao-de-manuais-escolares\/","og_site_name":"EduQA","article_published_time":"2026-04-17T11:22:44+00:00","article_modified_time":"2026-04-17T13:37:36+00:00","og_image":[{"width":2560,"height":1439,"url":"https:\/\/eduqa.pt\/wp-content\/uploads\/2026\/04\/AcreditacaodeEntidades-scaled.png","type":"image\/png"}],"author":"Guilherme Oliveira","twitter_card":"summary_large_image","twitter_misc":{"Written by":"Guilherme Oliveira","Est. reading time":"1 minute"},"schema":{"@context":"https:\/\/schema.org","@graph":[{"@type":"Article","@id":"https:\/\/eduqa.pt\/acreditacao-renovacao-da-acreditacao-de-entidades-para-avaliacao-e-certificacao-de-manuais-escolares\/#article","isPartOf":{"@id":"https:\/\/eduqa.pt\/acreditacao-renovacao-da-acreditacao-de-entidades-para-avaliacao-e-certificacao-de-manuais-escolares\/"},"author":{"name":"Guilherme Oliveira","@id":"https:\/\/dev.eduqa.pt\/#\/schema\/person\/73bef2a205d69b0b0599374645278fca"},"headline":"Acredita\u00e7\u00e3o\/Renova\u00e7\u00e3o da acredita\u00e7\u00e3o de entidades para avalia\u00e7\u00e3o e certifica\u00e7\u00e3o de manuais escolares","datePublished":"2026-04-17T11:22:44+00:00","dateModified":"2026-04-17T13:37:36+00:00","mainEntityOfPage":{"@id":"https:\/\/eduqa.pt\/acreditacao-renovacao-da-acreditacao-de-entidades-para-avaliacao-e-certificacao-de-manuais-escolares\/"},"wordCount":97,"image":{"@id":"https:\/\/eduqa.pt\/acreditacao-renovacao-da-acreditacao-de-entidades-para-avaliacao-e-certificacao-de-manuais-escolares\/#primaryimage"},"thumbnailUrl":"https:\/\/eduqa.pt\/wp-content\/uploads\/2026\/04\/AcreditacaodeEntidades-scaled.png","articleSection":["Not\u00edcias EduQA"],"inLanguage":"en-GB"},{"@type":"WebPage","@id":"https:\/\/eduqa.pt\/acreditacao-renovacao-da-acreditacao-de-entidades-para-avaliacao-e-certificacao-de-manuais-escolares\/","url":"https:\/\/eduqa.pt\/acreditacao-renovacao-da-acreditacao-de-entidades-para-avaliacao-e-certificacao-de-manuais-escolares\/","name":"Acredita\u00e7\u00e3o\/Renova\u00e7\u00e3o da acredita\u00e7\u00e3o de entidades para avalia\u00e7\u00e3o e certifica\u00e7\u00e3o de manuais escolares - EduQA","isPartOf":{"@id":"https:\/\/dev.eduqa.pt\/#website"},"primaryImageOfPage":{"@id":"https:\/\/eduqa.pt\/acreditacao-renovacao-da-acreditacao-de-entidades-para-avaliacao-e-certificacao-de-manuais-escolares\/#primaryimage"},"image":{"@id":"https:\/\/eduqa.pt\/acreditacao-renovacao-da-acreditacao-de-entidades-para-avaliacao-e-certificacao-de-manuais-escolares\/#primaryimage"},"thumbnailUrl":"https:\/\/eduqa.pt\/wp-content\/uploads\/2026\/04\/AcreditacaodeEntidades-scaled.png","datePublished":"2026-04-17T11:22:44+00:00","dateModified":"2026-04-17T13:37:36+00:00","author":{"@id":"https:\/\/dev.eduqa.pt\/#\/schema\/person\/73bef2a205d69b0b0599374645278fca"},"breadcrumb":{"@id":"https:\/\/eduqa.pt\/acreditacao-renovacao-da-acreditacao-de-entidades-para-avaliacao-e-certificacao-de-manuais-escolares\/#breadcrumb"},"inLanguage":"en-GB","potentialAction":[{"@type":"ReadAction","target":["https:\/\/eduqa.pt\/acreditacao-renovacao-da-acreditacao-de-entidades-para-avaliacao-e-certificacao-de-manuais-escolares\/"]}]},{"@type":"ImageObject","inLanguage":"en-GB","@id":"https:\/\/eduqa.pt\/acreditacao-renovacao-da-acreditacao-de-entidades-para-avaliacao-e-certificacao-de-manuais-escolares\/#primaryimage","url":"https:\/\/eduqa.pt\/wp-content\/uploads\/2026\/04\/AcreditacaodeEntidades-scaled.png","contentUrl":"https:\/\/eduqa.pt\/wp-content\/uploads\/2026\/04\/AcreditacaodeEntidades-scaled.png","width":2560,"height":1439},{"@type":"BreadcrumbList","@id":"https:\/\/eduqa.pt\/acreditacao-renovacao-da-acreditacao-de-entidades-para-avaliacao-e-certificacao-de-manuais-escolares\/#breadcrumb","itemListElement":[{"@type":"ListItem","position":1,"name":"Home","item":"https:\/\/eduqa.pt\/"},{"@type":"ListItem","position":2,"name":"Acredita\u00e7\u00e3o\/Renova\u00e7\u00e3o da acredita\u00e7\u00e3o de entidades para avalia\u00e7\u00e3o e certifica\u00e7\u00e3o de manuais escolares"}]},{"@type":"WebSite","@id":"https:\/\/dev.eduqa.pt\/#website","url":"https:\/\/dev.eduqa.pt\/","name":"EduQA","description":"Institute of Education, Quality and Evaluation","potentialAction":[{"@type":"SearchAction","target":{"@type":"EntryPoint","urlTemplate":"https:\/\/dev.eduqa.pt\/?s={search_term_string}"},"query-input":{"@type":"PropertyValueSpecification","valueRequired":true,"valueName":"search_term_string"}}],"inLanguage":"en-GB"},{"@type":"Person","@id":"https:\/\/dev.eduqa.pt\/#\/schema\/person\/73bef2a205d69b0b0599374645278fca","name":"Guilherme Oliveira","image":{"@type":"ImageObject","inLanguage":"en-GB","@id":"https:\/\/secure.gravatar.com\/avatar\/4242e67b46945e41499c7564c9ad9844b6eecbcdfea0968a209ef03067e0aed4?s=96&d=mm&r=g","url":"https:\/\/secure.gravatar.com\/avatar\/4242e67b46945e41499c7564c9ad9844b6eecbcdfea0968a209ef03067e0aed4?s=96&d=mm&r=g","contentUrl":"https:\/\/secure.gravatar.com\/avatar\/4242e67b46945e41499c7564c9ad9844b6eecbcdfea0968a209ef03067e0aed4?s=96&d=mm&r=g","caption":"Guilherme Oliveira"},"url":"https:\/\/eduqa.pt\/en\/author\/guilherme-oliveira\/"}]}},"_links":{"self":[{"href":"https:\/\/eduqa.pt\/en\/wp-json\/wp\/v2\/posts\/3685","targetHints":{"allow":["GET"]}}],"collection":[{"href":"https:\/\/eduqa.pt\/en\/wp-json\/wp\/v2\/posts"}],"about":[{"href":"https:\/\/eduqa.pt\/en\/wp-json\/wp\/v2\/types\/post"}],"author":[{"embeddable":true,"href":"https:\/\/eduqa.pt\/en\/wp-json\/wp\/v2\/users\/14"}],"replies":[{"embeddable":true,"href":"https:\/\/eduqa.pt\/en\/wp-json\/wp\/v2\/comments?post=3685"}],"version-history":[{"count":3,"href":"https:\/\/eduqa.pt\/en\/wp-json\/wp\/v2\/posts\/3685\/revisions"}],"predecessor-version":[{"id":3703,"href":"https:\/\/eduqa.pt\/en\/wp-json\/wp\/v2\/posts\/3685\/revisions\/3703"}],"wp:featuredmedia":[{"embeddable":true,"href":"https:\/\/eduqa.pt\/en\/wp-json\/wp\/v2\/media\/3675"}],"wp:attachment":[{"href":"https:\/\/eduqa.pt\/en\/wp-json\/wp\/v2\/media?parent=3685"}],"wp:term":[{"taxonomy":"category","embeddable":true,"href":"https:\/\/eduqa.pt\/en\/wp-json\/wp\/v2\/categories?post=3685"},{"taxonomy":"post_tag","embeddable":true,"href":"https:\/\/eduqa.pt\/en\/wp-json\/wp\/v2\/tags?post=3685"}],"curies":[{"name":"wp","href":"https:\/\/api.w.org\/{rel}","templated":true}]}}