{"id":3632,"date":"2026-04-15T13:29:36","date_gmt":"2026-04-15T13:29:36","guid":{"rendered":"https:\/\/eduqa.pt\/?p=3632"},"modified":"2026-04-15T15:23:40","modified_gmt":"2026-04-15T15:23:40","slug":"webinar-professionalising-leadership-in-ecec-from-roles-to-real-capacity","status":"publish","type":"post","link":"https:\/\/eduqa.pt\/en\/webinar-professionalising-leadership-in-ecec-from-roles-to-real-capacity\/","title":{"rendered":"Webinar Professionalising Leadership in ECEC: From Roles to Real Capacity"},"content":{"rendered":"<p><strong>The @ECOS Institute \u2013 Early Childhood One System organizes a <em>Webinar<\/em> about leadership in early childhood education.<\/strong><\/p>\n<p>O <em>Webinar<\/em>, The session, moderated by G\u00e9raldine Libreau of the European Commission, will take place on April 16th between 13:00 and 14:30. It is based on the most recent work of the European Commission Working Group on early childhood education and the report Leadership in ECEC: Competences and Training.<\/p>\n<p>To participate you must <a href=\"https:\/\/www.ecosinstitute.net\/blog\/professionalising-leadership-in-ecec-from-roles-to-real-capacity\" target=\"_blank\" rel=\"noopener\">register<\/a>.<\/p>","protected":false},"excerpt":{"rendered":"<p>O Instituto @ECOS \u2013 Early Childhood One System organiza um Webinar sobre lideran\u00e7a na educa\u00e7\u00e3o de inf\u00e2ncia. O Webinar, moderado por G\u00e9raldine Libreau, da Comiss\u00e3o Europeia, realiza-se no dia 16 de abril entre as 13:00 e as 14:30. Baseia-se no trabalho mais recente do Grupo de Trabalho da Comiss\u00e3o Europeia sobre educa\u00e7\u00e3o de inf\u00e2ncia e [&hellip;]<\/p>\n","protected":false},"author":14,"featured_media":3655,"comment_status":"closed","ping_status":"open","sticky":false,"template":"","format":"standard","meta":{"_acf_changed":false,"footnotes":""},"categories":[13],"tags":[],"class_list":["post-3632","post","type-post","status-publish","format-standard","has-post-thumbnail","hentry","category-noticias"],"acf":[],"yoast_head":"<!-- This site is optimized with the Yoast SEO plugin v27.5 - https:\/\/yoast.com\/product\/yoast-seo-wordpress\/ -->\n<title>Webinar Professionalising Leadership in ECEC: From Roles to Real Capacity - EduQA<\/title>\n<meta name=\"robots\" content=\"index, follow, max-snippet:-1, max-image-preview:large, max-video-preview:-1\" \/>\n<link rel=\"canonical\" href=\"https:\/\/eduqa.pt\/en\/webinar-professionalising-leadership-in-ecec-from-roles-to-real-capacity\/\" \/>\n<meta property=\"og:locale\" content=\"en_GB\" \/>\n<meta property=\"og:type\" content=\"article\" \/>\n<meta property=\"og:title\" content=\"Webinar Professionalising Leadership in ECEC: From Roles to Real Capacity - EduQA\" \/>\n<meta property=\"og:description\" content=\"O Instituto @ECOS \u2013 Early Childhood One System organiza um Webinar sobre lideran\u00e7a na educa\u00e7\u00e3o de inf\u00e2ncia. O Webinar, moderado por G\u00e9raldine Libreau, da Comiss\u00e3o Europeia, realiza-se no dia 16 de abril entre as 13:00 e as 14:30. Baseia-se no trabalho mais recente do Grupo de Trabalho da Comiss\u00e3o Europeia sobre educa\u00e7\u00e3o de inf\u00e2ncia e [&hellip;]\" \/>\n<meta property=\"og:url\" content=\"https:\/\/eduqa.pt\/en\/webinar-professionalising-leadership-in-ecec-from-roles-to-real-capacity\/\" \/>\n<meta property=\"og:site_name\" content=\"EduQA\" \/>\n<meta property=\"article:published_time\" content=\"2026-04-15T13:29:36+00:00\" \/>\n<meta property=\"article:modified_time\" content=\"2026-04-15T15:23:40+00:00\" \/>\n<meta property=\"og:image\" content=\"https:\/\/eduqa.pt\/wp-content\/uploads\/2026\/04\/ECECWebinar-scaled.png\" \/>\n\t<meta property=\"og:image:width\" content=\"2560\" \/>\n\t<meta property=\"og:image:height\" content=\"1439\" \/>\n\t<meta property=\"og:image:type\" content=\"image\/png\" \/>\n<meta name=\"author\" content=\"Guilherme Oliveira\" \/>\n<meta name=\"twitter:card\" content=\"summary_large_image\" \/>\n<meta name=\"twitter:label1\" content=\"Written by\" \/>\n\t<meta name=\"twitter:data1\" content=\"Guilherme Oliveira\" \/>\n\t<meta name=\"twitter:label2\" content=\"Est. reading time\" \/>\n\t<meta name=\"twitter:data2\" content=\"1 minute\" \/>\n<script type=\"application\/ld+json\" class=\"yoast-schema-graph\">{\"@context\":\"https:\\\/\\\/schema.org\",\"@graph\":[{\"@type\":\"Article\",\"@id\":\"https:\\\/\\\/eduqa.pt\\\/webinar-professionalising-leadership-in-ecec-from-roles-to-real-capacity\\\/#article\",\"isPartOf\":{\"@id\":\"https:\\\/\\\/eduqa.pt\\\/webinar-professionalising-leadership-in-ecec-from-roles-to-real-capacity\\\/\"},\"author\":{\"name\":\"Guilherme Oliveira\",\"@id\":\"https:\\\/\\\/dev.eduqa.pt\\\/#\\\/schema\\\/person\\\/73bef2a205d69b0b0599374645278fca\"},\"headline\":\"Webinar Professionalising Leadership in ECEC: From Roles to Real Capacity\",\"datePublished\":\"2026-04-15T13:29:36+00:00\",\"dateModified\":\"2026-04-15T15:23:40+00:00\",\"mainEntityOfPage\":{\"@id\":\"https:\\\/\\\/eduqa.pt\\\/webinar-professionalising-leadership-in-ecec-from-roles-to-real-capacity\\\/\"},\"wordCount\":82,\"image\":{\"@id\":\"https:\\\/\\\/eduqa.pt\\\/webinar-professionalising-leadership-in-ecec-from-roles-to-real-capacity\\\/#primaryimage\"},\"thumbnailUrl\":\"https:\\\/\\\/eduqa.pt\\\/wp-content\\\/uploads\\\/2026\\\/04\\\/ECECWebinar-scaled.png\",\"articleSection\":[\"Not\u00edcias EduQA\"],\"inLanguage\":\"en-GB\"},{\"@type\":\"WebPage\",\"@id\":\"https:\\\/\\\/eduqa.pt\\\/webinar-professionalising-leadership-in-ecec-from-roles-to-real-capacity\\\/\",\"url\":\"https:\\\/\\\/eduqa.pt\\\/webinar-professionalising-leadership-in-ecec-from-roles-to-real-capacity\\\/\",\"name\":\"Webinar Professionalising Leadership in ECEC: From Roles to Real Capacity - EduQA\",\"isPartOf\":{\"@id\":\"https:\\\/\\\/dev.eduqa.pt\\\/#website\"},\"primaryImageOfPage\":{\"@id\":\"https:\\\/\\\/eduqa.pt\\\/webinar-professionalising-leadership-in-ecec-from-roles-to-real-capacity\\\/#primaryimage\"},\"image\":{\"@id\":\"https:\\\/\\\/eduqa.pt\\\/webinar-professionalising-leadership-in-ecec-from-roles-to-real-capacity\\\/#primaryimage\"},\"thumbnailUrl\":\"https:\\\/\\\/eduqa.pt\\\/wp-content\\\/uploads\\\/2026\\\/04\\\/ECECWebinar-scaled.png\",\"datePublished\":\"2026-04-15T13:29:36+00:00\",\"dateModified\":\"2026-04-15T15:23:40+00:00\",\"author\":{\"@id\":\"https:\\\/\\\/dev.eduqa.pt\\\/#\\\/schema\\\/person\\\/73bef2a205d69b0b0599374645278fca\"},\"breadcrumb\":{\"@id\":\"https:\\\/\\\/eduqa.pt\\\/webinar-professionalising-leadership-in-ecec-from-roles-to-real-capacity\\\/#breadcrumb\"},\"inLanguage\":\"en-GB\",\"potentialAction\":[{\"@type\":\"ReadAction\",\"target\":[\"https:\\\/\\\/eduqa.pt\\\/webinar-professionalising-leadership-in-ecec-from-roles-to-real-capacity\\\/\"]}]},{\"@type\":\"ImageObject\",\"inLanguage\":\"en-GB\",\"@id\":\"https:\\\/\\\/eduqa.pt\\\/webinar-professionalising-leadership-in-ecec-from-roles-to-real-capacity\\\/#primaryimage\",\"url\":\"https:\\\/\\\/eduqa.pt\\\/wp-content\\\/uploads\\\/2026\\\/04\\\/ECECWebinar-scaled.png\",\"contentUrl\":\"https:\\\/\\\/eduqa.pt\\\/wp-content\\\/uploads\\\/2026\\\/04\\\/ECECWebinar-scaled.png\",\"width\":2560,\"height\":1439},{\"@type\":\"BreadcrumbList\",\"@id\":\"https:\\\/\\\/eduqa.pt\\\/webinar-professionalising-leadership-in-ecec-from-roles-to-real-capacity\\\/#breadcrumb\",\"itemListElement\":[{\"@type\":\"ListItem\",\"position\":1,\"name\":\"Home\",\"item\":\"https:\\\/\\\/eduqa.pt\\\/\"},{\"@type\":\"ListItem\",\"position\":2,\"name\":\"Webinar Professionalising Leadership in ECEC: From Roles to Real Capacity\"}]},{\"@type\":\"WebSite\",\"@id\":\"https:\\\/\\\/dev.eduqa.pt\\\/#website\",\"url\":\"https:\\\/\\\/dev.eduqa.pt\\\/\",\"name\":\"EduQA\",\"description\":\"Instituto de Educa\u00e7\u00e3o, Qualidade e Avalia\u00e7\u00e3o\",\"potentialAction\":[{\"@type\":\"SearchAction\",\"target\":{\"@type\":\"EntryPoint\",\"urlTemplate\":\"https:\\\/\\\/dev.eduqa.pt\\\/?s={search_term_string}\"},\"query-input\":{\"@type\":\"PropertyValueSpecification\",\"valueRequired\":true,\"valueName\":\"search_term_string\"}}],\"inLanguage\":\"en-GB\"},{\"@type\":\"Person\",\"@id\":\"https:\\\/\\\/dev.eduqa.pt\\\/#\\\/schema\\\/person\\\/73bef2a205d69b0b0599374645278fca\",\"name\":\"Guilherme Oliveira\",\"image\":{\"@type\":\"ImageObject\",\"inLanguage\":\"en-GB\",\"@id\":\"https:\\\/\\\/secure.gravatar.com\\\/avatar\\\/4242e67b46945e41499c7564c9ad9844b6eecbcdfea0968a209ef03067e0aed4?s=96&d=mm&r=g\",\"url\":\"https:\\\/\\\/secure.gravatar.com\\\/avatar\\\/4242e67b46945e41499c7564c9ad9844b6eecbcdfea0968a209ef03067e0aed4?s=96&d=mm&r=g\",\"contentUrl\":\"https:\\\/\\\/secure.gravatar.com\\\/avatar\\\/4242e67b46945e41499c7564c9ad9844b6eecbcdfea0968a209ef03067e0aed4?s=96&d=mm&r=g\",\"caption\":\"Guilherme Oliveira\"},\"url\":\"https:\\\/\\\/eduqa.pt\\\/en\\\/author\\\/guilherme-oliveira\\\/\"}]}<\/script>\n<!-- \/ Yoast SEO plugin. -->","yoast_head_json":{"title":"Webinar Professionalising Leadership in ECEC: From Roles to Real Capacity - EduQA","robots":{"index":"index","follow":"follow","max-snippet":"max-snippet:-1","max-image-preview":"max-image-preview:large","max-video-preview":"max-video-preview:-1"},"canonical":"https:\/\/eduqa.pt\/en\/webinar-professionalising-leadership-in-ecec-from-roles-to-real-capacity\/","og_locale":"en_GB","og_type":"article","og_title":"Webinar Professionalising Leadership in ECEC: From Roles to Real Capacity - EduQA","og_description":"O Instituto @ECOS \u2013 Early Childhood One System organiza um Webinar sobre lideran\u00e7a na educa\u00e7\u00e3o de inf\u00e2ncia. O Webinar, moderado por G\u00e9raldine Libreau, da Comiss\u00e3o Europeia, realiza-se no dia 16 de abril entre as 13:00 e as 14:30. Baseia-se no trabalho mais recente do Grupo de Trabalho da Comiss\u00e3o Europeia sobre educa\u00e7\u00e3o de inf\u00e2ncia e [&hellip;]","og_url":"https:\/\/eduqa.pt\/en\/webinar-professionalising-leadership-in-ecec-from-roles-to-real-capacity\/","og_site_name":"EduQA","article_published_time":"2026-04-15T13:29:36+00:00","article_modified_time":"2026-04-15T15:23:40+00:00","og_image":[{"width":2560,"height":1439,"url":"https:\/\/eduqa.pt\/wp-content\/uploads\/2026\/04\/ECECWebinar-scaled.png","type":"image\/png"}],"author":"Guilherme Oliveira","twitter_card":"summary_large_image","twitter_misc":{"Written by":"Guilherme Oliveira","Est. reading time":"1 minute"},"schema":{"@context":"https:\/\/schema.org","@graph":[{"@type":"Article","@id":"https:\/\/eduqa.pt\/webinar-professionalising-leadership-in-ecec-from-roles-to-real-capacity\/#article","isPartOf":{"@id":"https:\/\/eduqa.pt\/webinar-professionalising-leadership-in-ecec-from-roles-to-real-capacity\/"},"author":{"name":"Guilherme Oliveira","@id":"https:\/\/dev.eduqa.pt\/#\/schema\/person\/73bef2a205d69b0b0599374645278fca"},"headline":"Webinar Professionalising Leadership in ECEC: From Roles to Real Capacity","datePublished":"2026-04-15T13:29:36+00:00","dateModified":"2026-04-15T15:23:40+00:00","mainEntityOfPage":{"@id":"https:\/\/eduqa.pt\/webinar-professionalising-leadership-in-ecec-from-roles-to-real-capacity\/"},"wordCount":82,"image":{"@id":"https:\/\/eduqa.pt\/webinar-professionalising-leadership-in-ecec-from-roles-to-real-capacity\/#primaryimage"},"thumbnailUrl":"https:\/\/eduqa.pt\/wp-content\/uploads\/2026\/04\/ECECWebinar-scaled.png","articleSection":["Not\u00edcias EduQA"],"inLanguage":"en-GB"},{"@type":"WebPage","@id":"https:\/\/eduqa.pt\/webinar-professionalising-leadership-in-ecec-from-roles-to-real-capacity\/","url":"https:\/\/eduqa.pt\/webinar-professionalising-leadership-in-ecec-from-roles-to-real-capacity\/","name":"Webinar Professionalising Leadership in ECEC: From Roles to Real Capacity - EduQA","isPartOf":{"@id":"https:\/\/dev.eduqa.pt\/#website"},"primaryImageOfPage":{"@id":"https:\/\/eduqa.pt\/webinar-professionalising-leadership-in-ecec-from-roles-to-real-capacity\/#primaryimage"},"image":{"@id":"https:\/\/eduqa.pt\/webinar-professionalising-leadership-in-ecec-from-roles-to-real-capacity\/#primaryimage"},"thumbnailUrl":"https:\/\/eduqa.pt\/wp-content\/uploads\/2026\/04\/ECECWebinar-scaled.png","datePublished":"2026-04-15T13:29:36+00:00","dateModified":"2026-04-15T15:23:40+00:00","author":{"@id":"https:\/\/dev.eduqa.pt\/#\/schema\/person\/73bef2a205d69b0b0599374645278fca"},"breadcrumb":{"@id":"https:\/\/eduqa.pt\/webinar-professionalising-leadership-in-ecec-from-roles-to-real-capacity\/#breadcrumb"},"inLanguage":"en-GB","potentialAction":[{"@type":"ReadAction","target":["https:\/\/eduqa.pt\/webinar-professionalising-leadership-in-ecec-from-roles-to-real-capacity\/"]}]},{"@type":"ImageObject","inLanguage":"en-GB","@id":"https:\/\/eduqa.pt\/webinar-professionalising-leadership-in-ecec-from-roles-to-real-capacity\/#primaryimage","url":"https:\/\/eduqa.pt\/wp-content\/uploads\/2026\/04\/ECECWebinar-scaled.png","contentUrl":"https:\/\/eduqa.pt\/wp-content\/uploads\/2026\/04\/ECECWebinar-scaled.png","width":2560,"height":1439},{"@type":"BreadcrumbList","@id":"https:\/\/eduqa.pt\/webinar-professionalising-leadership-in-ecec-from-roles-to-real-capacity\/#breadcrumb","itemListElement":[{"@type":"ListItem","position":1,"name":"Home","item":"https:\/\/eduqa.pt\/"},{"@type":"ListItem","position":2,"name":"Webinar Professionalising Leadership in ECEC: From Roles to Real Capacity"}]},{"@type":"WebSite","@id":"https:\/\/dev.eduqa.pt\/#website","url":"https:\/\/dev.eduqa.pt\/","name":"EduQA","description":"Institute of Education, Quality and Evaluation","potentialAction":[{"@type":"SearchAction","target":{"@type":"EntryPoint","urlTemplate":"https:\/\/dev.eduqa.pt\/?s={search_term_string}"},"query-input":{"@type":"PropertyValueSpecification","valueRequired":true,"valueName":"search_term_string"}}],"inLanguage":"en-GB"},{"@type":"Person","@id":"https:\/\/dev.eduqa.pt\/#\/schema\/person\/73bef2a205d69b0b0599374645278fca","name":"Guilherme Oliveira","image":{"@type":"ImageObject","inLanguage":"en-GB","@id":"https:\/\/secure.gravatar.com\/avatar\/4242e67b46945e41499c7564c9ad9844b6eecbcdfea0968a209ef03067e0aed4?s=96&d=mm&r=g","url":"https:\/\/secure.gravatar.com\/avatar\/4242e67b46945e41499c7564c9ad9844b6eecbcdfea0968a209ef03067e0aed4?s=96&d=mm&r=g","contentUrl":"https:\/\/secure.gravatar.com\/avatar\/4242e67b46945e41499c7564c9ad9844b6eecbcdfea0968a209ef03067e0aed4?s=96&d=mm&r=g","caption":"Guilherme Oliveira"},"url":"https:\/\/eduqa.pt\/en\/author\/guilherme-oliveira\/"}]}},"_links":{"self":[{"href":"https:\/\/eduqa.pt\/en\/wp-json\/wp\/v2\/posts\/3632","targetHints":{"allow":["GET"]}}],"collection":[{"href":"https:\/\/eduqa.pt\/en\/wp-json\/wp\/v2\/posts"}],"about":[{"href":"https:\/\/eduqa.pt\/en\/wp-json\/wp\/v2\/types\/post"}],"author":[{"embeddable":true,"href":"https:\/\/eduqa.pt\/en\/wp-json\/wp\/v2\/users\/14"}],"replies":[{"embeddable":true,"href":"https:\/\/eduqa.pt\/en\/wp-json\/wp\/v2\/comments?post=3632"}],"version-history":[{"count":11,"href":"https:\/\/eduqa.pt\/en\/wp-json\/wp\/v2\/posts\/3632\/revisions"}],"predecessor-version":[{"id":3661,"href":"https:\/\/eduqa.pt\/en\/wp-json\/wp\/v2\/posts\/3632\/revisions\/3661"}],"wp:featuredmedia":[{"embeddable":true,"href":"https:\/\/eduqa.pt\/en\/wp-json\/wp\/v2\/media\/3655"}],"wp:attachment":[{"href":"https:\/\/eduqa.pt\/en\/wp-json\/wp\/v2\/media?parent=3632"}],"wp:term":[{"taxonomy":"category","embeddable":true,"href":"https:\/\/eduqa.pt\/en\/wp-json\/wp\/v2\/categories?post=3632"},{"taxonomy":"post_tag","embeddable":true,"href":"https:\/\/eduqa.pt\/en\/wp-json\/wp\/v2\/tags?post=3632"}],"curies":[{"name":"wp","href":"https:\/\/api.w.org\/{rel}","templated":true}]}}