{"id":3601,"date":"2026-04-10T14:46:39","date_gmt":"2026-04-10T14:46:39","guid":{"rendered":"https:\/\/eduqa.pt\/?p=3601"},"modified":"2026-04-10T14:49:57","modified_gmt":"2026-04-10T14:49:57","slug":"abertura-de-inscricoes-para-acoes-de-formacao","status":"publish","type":"post","link":"https:\/\/eduqa.pt\/en\/abertura-de-inscricoes-para-acoes-de-formacao\/","title":{"rendered":"Registration opens for Training Courses"},"content":{"rendered":"<p><strong>The Institute of Education, Quality and Evaluation, IP (EduQA), informs that, within the scope of the PEOPLE 2030 and ALGARVE 2030 Programs, in the area of external learning assessment, registrations are open for the following continuing teacher training courses:<\/strong><\/p>\n<p>Training activities:<\/p>\n<ul>\n<li><a href=\"https:\/\/eduqa.pt\/wp-content\/uploads\/2026\/04\/Aviso_1_ALG_1CEB.pdf\" target=\"_blank\" rel=\"noopener\">Assessing to learn: the classification of external assessment tests in the 1st cycle of basic education.<\/a><\/li>\n<li><a href=\"https:\/\/eduqa.pt\/wp-content\/uploads\/2026\/04\/Aviso_2_ALG_2CEB.pdf\" target=\"_blank\" rel=\"noopener\">Assessment for learning: the grading of mathematics tests in the 2nd cycle of basic education.<\/a><\/li>\n<li><a href=\"https:\/\/eduqa.pt\/wp-content\/uploads\/2026\/04\/Aviso_3_ALG_ES-EO_ING.pdf\" target=\"_blank\" rel=\"noopener\">Assessment for learning: the grading of oral expression in secondary school English exams.<\/a><\/li>\n<li><a href=\"https:\/\/eduqa.pt\/wp-content\/uploads\/2026\/04\/Aviso_4_ALG_ES-BG_01_.pdf\" target=\"_blank\" rel=\"noopener\">Assessment for learning: the grading of secondary school Biology and Geology exams<\/a><\/li>\n<li><a href=\"https:\/\/eduqa.pt\/wp-content\/uploads\/2026\/04\/Aviso_5_ALG_ES-FQA_01_.pdf\" target=\"_blank\" rel=\"noopener\">Assessment for learning: the grading of Physics and Chemistry A exams in secondary education.<\/a><\/li>\n<li><a href=\"https:\/\/eduqa.pt\/wp-content\/uploads\/2026\/04\/Aviso_6_ALG_ES-MAT_01_.pdf\" target=\"_blank\" rel=\"noopener\">Assessment for learning: the grading of A\/B\/MACS mathematics exams in secondary education.<\/a><\/li>\n<li><a href=\"https:\/\/eduqa.pt\/wp-content\/uploads\/2026\/04\/Aviso_7_ALG_ES_PORT_01_.pdf\" target=\"_blank\" rel=\"noopener\">Assessment for learning: the grading of Portuguese language exams in secondary education.<\/a><\/li>\n<li><a href=\"https:\/\/eduqa.pt\/wp-content\/uploads\/2026\/04\/Aviso-8_FP_2026_NCA_CIA.pdf\" target=\"_blank\" rel=\"noopener\">Assessment for learning: building assessment instruments<\/a><\/li>\n<li><a href=\"https:\/\/eduqa.pt\/wp-content\/uploads\/2026\/04\/Aviso-9_FP_2026_NCA_CIA_FE.pdf\" target=\"_blank\" rel=\"noopener\">Assessment for learning: building assessment instruments in electronic format.<\/a><\/li>\n<\/ul>\n<p>For more information, please open the respective links. Registration is open until 11:59 PM on April 22nd.<\/p>","protected":false},"excerpt":{"rendered":"<p>O Instituto de Educa\u00e7\u00e3o, Qualidade e Avalia\u00e7\u00e3o, I. P. (EduQA), informa que, no \u00e2mbito dos Programas PESSOAS 2030 e ALGARVE 2030, na \u00e1rea da avalia\u00e7\u00e3o externa das aprendizagens, est\u00e3o abertas inscri\u00e7\u00f5es para as seguintes a\u00e7\u00f5es de forma\u00e7\u00e3o continua de professores: A\u00e7\u00f5es de forma\u00e7\u00e3o: Avaliar para aprender: a classifica\u00e7\u00e3o das provas de avalia\u00e7\u00e3o externa do 1.\u00ba [&hellip;]<\/p>\n","protected":false},"author":14,"featured_media":0,"comment_status":"closed","ping_status":"open","sticky":false,"template":"","format":"standard","meta":{"_acf_changed":false,"footnotes":""},"categories":[13],"tags":[],"class_list":["post-3601","post","type-post","status-publish","format-standard","hentry","category-noticias"],"acf":[],"yoast_head":"<!-- This site is optimized with the Yoast SEO plugin v27.5 - https:\/\/yoast.com\/product\/yoast-seo-wordpress\/ -->\n<title>Abertura de inscri\u00e7\u00f5es para A\u00e7\u00f5es de Forma\u00e7\u00e3o - EduQA<\/title>\n<meta name=\"robots\" content=\"index, follow, max-snippet:-1, max-image-preview:large, max-video-preview:-1\" \/>\n<link rel=\"canonical\" href=\"https:\/\/eduqa.pt\/en\/abertura-de-inscricoes-para-acoes-de-formacao\/\" \/>\n<meta property=\"og:locale\" content=\"en_GB\" \/>\n<meta property=\"og:type\" content=\"article\" \/>\n<meta property=\"og:title\" content=\"Abertura de inscri\u00e7\u00f5es para A\u00e7\u00f5es de Forma\u00e7\u00e3o - EduQA\" \/>\n<meta property=\"og:description\" content=\"O Instituto de Educa\u00e7\u00e3o, Qualidade e Avalia\u00e7\u00e3o, I. P. (EduQA), informa que, no \u00e2mbito dos Programas PESSOAS 2030 e ALGARVE 2030, na \u00e1rea da avalia\u00e7\u00e3o externa das aprendizagens, est\u00e3o abertas inscri\u00e7\u00f5es para as seguintes a\u00e7\u00f5es de forma\u00e7\u00e3o continua de professores: A\u00e7\u00f5es de forma\u00e7\u00e3o: Avaliar para aprender: a classifica\u00e7\u00e3o das provas de avalia\u00e7\u00e3o externa do 1.\u00ba [&hellip;]\" \/>\n<meta property=\"og:url\" content=\"https:\/\/eduqa.pt\/en\/abertura-de-inscricoes-para-acoes-de-formacao\/\" \/>\n<meta property=\"og:site_name\" content=\"EduQA\" \/>\n<meta property=\"article:published_time\" content=\"2026-04-10T14:46:39+00:00\" \/>\n<meta property=\"article:modified_time\" content=\"2026-04-10T14:49:57+00:00\" \/>\n<meta name=\"author\" content=\"Guilherme Oliveira\" \/>\n<meta name=\"twitter:card\" content=\"summary_large_image\" \/>\n<meta name=\"twitter:label1\" content=\"Written by\" \/>\n\t<meta name=\"twitter:data1\" content=\"Guilherme Oliveira\" \/>\n\t<meta name=\"twitter:label2\" content=\"Est. reading time\" \/>\n\t<meta name=\"twitter:data2\" content=\"1 minute\" \/>\n<script type=\"application\/ld+json\" class=\"yoast-schema-graph\">{\"@context\":\"https:\\\/\\\/schema.org\",\"@graph\":[{\"@type\":\"Article\",\"@id\":\"https:\\\/\\\/eduqa.pt\\\/abertura-de-inscricoes-para-acoes-de-formacao\\\/#article\",\"isPartOf\":{\"@id\":\"https:\\\/\\\/eduqa.pt\\\/abertura-de-inscricoes-para-acoes-de-formacao\\\/\"},\"author\":{\"name\":\"Guilherme Oliveira\",\"@id\":\"https:\\\/\\\/dev.eduqa.pt\\\/#\\\/schema\\\/person\\\/73bef2a205d69b0b0599374645278fca\"},\"headline\":\"Abertura de inscri\u00e7\u00f5es para A\u00e7\u00f5es de Forma\u00e7\u00e3o\",\"datePublished\":\"2026-04-10T14:46:39+00:00\",\"dateModified\":\"2026-04-10T14:49:57+00:00\",\"mainEntityOfPage\":{\"@id\":\"https:\\\/\\\/eduqa.pt\\\/abertura-de-inscricoes-para-acoes-de-formacao\\\/\"},\"wordCount\":225,\"articleSection\":[\"Not\u00edcias EduQA\"],\"inLanguage\":\"en-GB\"},{\"@type\":\"WebPage\",\"@id\":\"https:\\\/\\\/eduqa.pt\\\/abertura-de-inscricoes-para-acoes-de-formacao\\\/\",\"url\":\"https:\\\/\\\/eduqa.pt\\\/abertura-de-inscricoes-para-acoes-de-formacao\\\/\",\"name\":\"Abertura de inscri\u00e7\u00f5es para A\u00e7\u00f5es de Forma\u00e7\u00e3o - EduQA\",\"isPartOf\":{\"@id\":\"https:\\\/\\\/dev.eduqa.pt\\\/#website\"},\"datePublished\":\"2026-04-10T14:46:39+00:00\",\"dateModified\":\"2026-04-10T14:49:57+00:00\",\"author\":{\"@id\":\"https:\\\/\\\/dev.eduqa.pt\\\/#\\\/schema\\\/person\\\/73bef2a205d69b0b0599374645278fca\"},\"breadcrumb\":{\"@id\":\"https:\\\/\\\/eduqa.pt\\\/abertura-de-inscricoes-para-acoes-de-formacao\\\/#breadcrumb\"},\"inLanguage\":\"en-GB\",\"potentialAction\":[{\"@type\":\"ReadAction\",\"target\":[\"https:\\\/\\\/eduqa.pt\\\/abertura-de-inscricoes-para-acoes-de-formacao\\\/\"]}]},{\"@type\":\"BreadcrumbList\",\"@id\":\"https:\\\/\\\/eduqa.pt\\\/abertura-de-inscricoes-para-acoes-de-formacao\\\/#breadcrumb\",\"itemListElement\":[{\"@type\":\"ListItem\",\"position\":1,\"name\":\"Home\",\"item\":\"https:\\\/\\\/eduqa.pt\\\/\"},{\"@type\":\"ListItem\",\"position\":2,\"name\":\"Abertura de inscri\u00e7\u00f5es para A\u00e7\u00f5es de Forma\u00e7\u00e3o\"}]},{\"@type\":\"WebSite\",\"@id\":\"https:\\\/\\\/dev.eduqa.pt\\\/#website\",\"url\":\"https:\\\/\\\/dev.eduqa.pt\\\/\",\"name\":\"EduQA\",\"description\":\"Instituto de Educa\u00e7\u00e3o, Qualidade e Avalia\u00e7\u00e3o\",\"potentialAction\":[{\"@type\":\"SearchAction\",\"target\":{\"@type\":\"EntryPoint\",\"urlTemplate\":\"https:\\\/\\\/dev.eduqa.pt\\\/?s={search_term_string}\"},\"query-input\":{\"@type\":\"PropertyValueSpecification\",\"valueRequired\":true,\"valueName\":\"search_term_string\"}}],\"inLanguage\":\"en-GB\"},{\"@type\":\"Person\",\"@id\":\"https:\\\/\\\/dev.eduqa.pt\\\/#\\\/schema\\\/person\\\/73bef2a205d69b0b0599374645278fca\",\"name\":\"Guilherme Oliveira\",\"image\":{\"@type\":\"ImageObject\",\"inLanguage\":\"en-GB\",\"@id\":\"https:\\\/\\\/secure.gravatar.com\\\/avatar\\\/4242e67b46945e41499c7564c9ad9844b6eecbcdfea0968a209ef03067e0aed4?s=96&d=mm&r=g\",\"url\":\"https:\\\/\\\/secure.gravatar.com\\\/avatar\\\/4242e67b46945e41499c7564c9ad9844b6eecbcdfea0968a209ef03067e0aed4?s=96&d=mm&r=g\",\"contentUrl\":\"https:\\\/\\\/secure.gravatar.com\\\/avatar\\\/4242e67b46945e41499c7564c9ad9844b6eecbcdfea0968a209ef03067e0aed4?s=96&d=mm&r=g\",\"caption\":\"Guilherme Oliveira\"},\"url\":\"https:\\\/\\\/eduqa.pt\\\/en\\\/author\\\/guilherme-oliveira\\\/\"}]}<\/script>\n<!-- \/ Yoast SEO plugin. -->","yoast_head_json":{"title":"Abertura de inscri\u00e7\u00f5es para A\u00e7\u00f5es de Forma\u00e7\u00e3o - EduQA","robots":{"index":"index","follow":"follow","max-snippet":"max-snippet:-1","max-image-preview":"max-image-preview:large","max-video-preview":"max-video-preview:-1"},"canonical":"https:\/\/eduqa.pt\/en\/abertura-de-inscricoes-para-acoes-de-formacao\/","og_locale":"en_GB","og_type":"article","og_title":"Abertura de inscri\u00e7\u00f5es para A\u00e7\u00f5es de Forma\u00e7\u00e3o - EduQA","og_description":"O Instituto de Educa\u00e7\u00e3o, Qualidade e Avalia\u00e7\u00e3o, I. P. (EduQA), informa que, no \u00e2mbito dos Programas PESSOAS 2030 e ALGARVE 2030, na \u00e1rea da avalia\u00e7\u00e3o externa das aprendizagens, est\u00e3o abertas inscri\u00e7\u00f5es para as seguintes a\u00e7\u00f5es de forma\u00e7\u00e3o continua de professores: A\u00e7\u00f5es de forma\u00e7\u00e3o: Avaliar para aprender: a classifica\u00e7\u00e3o das provas de avalia\u00e7\u00e3o externa do 1.\u00ba [&hellip;]","og_url":"https:\/\/eduqa.pt\/en\/abertura-de-inscricoes-para-acoes-de-formacao\/","og_site_name":"EduQA","article_published_time":"2026-04-10T14:46:39+00:00","article_modified_time":"2026-04-10T14:49:57+00:00","author":"Guilherme Oliveira","twitter_card":"summary_large_image","twitter_misc":{"Written by":"Guilherme Oliveira","Est. reading time":"1 minute"},"schema":{"@context":"https:\/\/schema.org","@graph":[{"@type":"Article","@id":"https:\/\/eduqa.pt\/abertura-de-inscricoes-para-acoes-de-formacao\/#article","isPartOf":{"@id":"https:\/\/eduqa.pt\/abertura-de-inscricoes-para-acoes-de-formacao\/"},"author":{"name":"Guilherme Oliveira","@id":"https:\/\/dev.eduqa.pt\/#\/schema\/person\/73bef2a205d69b0b0599374645278fca"},"headline":"Abertura de inscri\u00e7\u00f5es para A\u00e7\u00f5es de Forma\u00e7\u00e3o","datePublished":"2026-04-10T14:46:39+00:00","dateModified":"2026-04-10T14:49:57+00:00","mainEntityOfPage":{"@id":"https:\/\/eduqa.pt\/abertura-de-inscricoes-para-acoes-de-formacao\/"},"wordCount":225,"articleSection":["Not\u00edcias EduQA"],"inLanguage":"en-GB"},{"@type":"WebPage","@id":"https:\/\/eduqa.pt\/abertura-de-inscricoes-para-acoes-de-formacao\/","url":"https:\/\/eduqa.pt\/abertura-de-inscricoes-para-acoes-de-formacao\/","name":"Abertura de inscri\u00e7\u00f5es para A\u00e7\u00f5es de Forma\u00e7\u00e3o - EduQA","isPartOf":{"@id":"https:\/\/dev.eduqa.pt\/#website"},"datePublished":"2026-04-10T14:46:39+00:00","dateModified":"2026-04-10T14:49:57+00:00","author":{"@id":"https:\/\/dev.eduqa.pt\/#\/schema\/person\/73bef2a205d69b0b0599374645278fca"},"breadcrumb":{"@id":"https:\/\/eduqa.pt\/abertura-de-inscricoes-para-acoes-de-formacao\/#breadcrumb"},"inLanguage":"en-GB","potentialAction":[{"@type":"ReadAction","target":["https:\/\/eduqa.pt\/abertura-de-inscricoes-para-acoes-de-formacao\/"]}]},{"@type":"BreadcrumbList","@id":"https:\/\/eduqa.pt\/abertura-de-inscricoes-para-acoes-de-formacao\/#breadcrumb","itemListElement":[{"@type":"ListItem","position":1,"name":"Home","item":"https:\/\/eduqa.pt\/"},{"@type":"ListItem","position":2,"name":"Abertura de inscri\u00e7\u00f5es para A\u00e7\u00f5es de Forma\u00e7\u00e3o"}]},{"@type":"WebSite","@id":"https:\/\/dev.eduqa.pt\/#website","url":"https:\/\/dev.eduqa.pt\/","name":"EduQA","description":"Institute of Education, Quality and Evaluation","potentialAction":[{"@type":"SearchAction","target":{"@type":"EntryPoint","urlTemplate":"https:\/\/dev.eduqa.pt\/?s={search_term_string}"},"query-input":{"@type":"PropertyValueSpecification","valueRequired":true,"valueName":"search_term_string"}}],"inLanguage":"en-GB"},{"@type":"Person","@id":"https:\/\/dev.eduqa.pt\/#\/schema\/person\/73bef2a205d69b0b0599374645278fca","name":"Guilherme Oliveira","image":{"@type":"ImageObject","inLanguage":"en-GB","@id":"https:\/\/secure.gravatar.com\/avatar\/4242e67b46945e41499c7564c9ad9844b6eecbcdfea0968a209ef03067e0aed4?s=96&d=mm&r=g","url":"https:\/\/secure.gravatar.com\/avatar\/4242e67b46945e41499c7564c9ad9844b6eecbcdfea0968a209ef03067e0aed4?s=96&d=mm&r=g","contentUrl":"https:\/\/secure.gravatar.com\/avatar\/4242e67b46945e41499c7564c9ad9844b6eecbcdfea0968a209ef03067e0aed4?s=96&d=mm&r=g","caption":"Guilherme Oliveira"},"url":"https:\/\/eduqa.pt\/en\/author\/guilherme-oliveira\/"}]}},"_links":{"self":[{"href":"https:\/\/eduqa.pt\/en\/wp-json\/wp\/v2\/posts\/3601","targetHints":{"allow":["GET"]}}],"collection":[{"href":"https:\/\/eduqa.pt\/en\/wp-json\/wp\/v2\/posts"}],"about":[{"href":"https:\/\/eduqa.pt\/en\/wp-json\/wp\/v2\/types\/post"}],"author":[{"embeddable":true,"href":"https:\/\/eduqa.pt\/en\/wp-json\/wp\/v2\/users\/14"}],"replies":[{"embeddable":true,"href":"https:\/\/eduqa.pt\/en\/wp-json\/wp\/v2\/comments?post=3601"}],"version-history":[{"count":3,"href":"https:\/\/eduqa.pt\/en\/wp-json\/wp\/v2\/posts\/3601\/revisions"}],"predecessor-version":[{"id":3604,"href":"https:\/\/eduqa.pt\/en\/wp-json\/wp\/v2\/posts\/3601\/revisions\/3604"}],"wp:attachment":[{"href":"https:\/\/eduqa.pt\/en\/wp-json\/wp\/v2\/media?parent=3601"}],"wp:term":[{"taxonomy":"category","embeddable":true,"href":"https:\/\/eduqa.pt\/en\/wp-json\/wp\/v2\/categories?post=3601"},{"taxonomy":"post_tag","embeddable":true,"href":"https:\/\/eduqa.pt\/en\/wp-json\/wp\/v2\/tags?post=3601"}],"curies":[{"name":"wp","href":"https:\/\/api.w.org\/{rel}","templated":true}]}}